{"id":647,"date":"2018-08-31T13:38:13","date_gmt":"2018-08-31T11:38:13","guid":{"rendered":"http:\/\/aromea.at\/?p=647"},"modified":"2018-10-02T15:56:03","modified_gmt":"2018-10-02T13:56:03","slug":"es-duftet-einkaufen-der-nase-nach","status":"publish","type":"post","link":"https:\/\/aromea.eu\/at\/duftmarketing\/blog\/es-duftet-einkaufen-der-nase-nach\/","title":{"rendered":"Es duftet &#8211; Einkaufen der Nase nach"},"content":{"rendered":"<div class=\"wpb-content-wrapper\"><p>[vc_row css=&#8221;.vc_custom_1533803755721{padding-bottom: 65px !important;}&#8221;][vc_column css=&#8221;.vc_custom_1533741223367{padding-right: 200px !important;padding-left: 200px !important;}&#8221; el_class=&#8221;single-blog-content&#8221;][vc_column_text]Es ist nicht erst das 21. Jahrhundert, dass uns das Duftmarketing in Hotels und Einkaufsl\u00e4den, Fitnessstudios und Reiseb\u00fcros beschert. Duft kann seit jeher ein Instrument zu bestimmten <a href=\"https:\/\/www.focus.de\/wissen\/natur\/duefte-die-magische-dimension_aid_214544.html\" target=\"_blank\" rel=\"noopener\">Assoziationen<\/a> sein. Ein gutes Beispiel daf\u00fcr ist die Katholische Kirche: Die versetzt schon seit gut 2000 Jahren ihre Besucher mit dichten <a href=\"https:\/\/kurier.at\/wissen\/so-wird-weihrauch-in-der-medizin-eingesetzt\/237.307.435\" target=\"_blank\" rel=\"noopener\">Weihrauchschwaden<\/a> in eine and\u00e4chtige Stimmung.<span class=\"Apple-converted-space\">\u00a0<\/span><\/p>\n<h2>Es duftet.<\/h2>\n<p>Es ist also unbestritten, dass D\u00fcfte irgendetwas mit uns anstellen. Rein physisch ist dieses Ph\u00e4nomen recht einfach zu erkl\u00e4ren: D\u00fcfte wirken auf das limbische System und den <a href=\"https:\/\/www.dasgehirn.info\/grundlagen\/anatomie\/der-hippocampus\" target=\"_blank\" rel=\"noopener\">Hippocampus<\/a>, der zentralen Schaltstation unserer Erinnerungen. Das limbische System wiederum ist der Teil des Gehirns, der f\u00fcr unsere Emotionen und auch f\u00fcr das Triebverhalten verantwortlich ist. Auch die intellektuelle Leistung eines Menschen wird diesem System zugesprochen. Ergo: Das limbische System ist in Zusammenwirkung mit den anderen Teilen des Gehirns das A und O des Homo Sapiens. Und ein Marketinginstrument f\u00fcr den <a href=\"https:\/\/de.wikipedia.org\/wiki\/Homo_oeconomicus\" target=\"_blank\" rel=\"noopener\">Homo Oeconomicus<\/a>. Denn D\u00fcfte machen im Kopf ganz au\u00dfergew\u00f6hnliche Dinge mit uns: Sie verf\u00fchren uns zu <a href=\"https:\/\/www.welt.de\/gesundheit\/psychologie\/article143498982\/Die-Suche-nach-dem-Duft-der-unwiderstehlich-macht.html\" target=\"_blank\" rel=\"noopener\">k\u00f6rperlicher Lust<\/a>, wirken auf unsere Tr\u00e4ume, heben die Stimmung und bestimmen, wo wir uns wohl f\u00fchlen und wo nicht. Letzteres ist ein klarer Standortvorteil f\u00fcr R\u00e4ume, die \u201ebeduftet\u201c werden gegen\u00fcber R\u00e4ume, die es nicht werden. Oder Produkte.<span class=\"Apple-converted-space\">\u00a0<\/span><\/p>\n<h2>Der Duft von Gl\u00fcckseligkeit.<\/h2>\n<p>Hotels wollen, dass ihre H\u00e4user nach \u201ezuhause\u201c riechen, nach Gem\u00fctlichkeit, Sauberkeit und Niveau. Von leicht herben Wei\u00dfen Tee bis hin zur zitronigen Bergamotte. Manche Reiseb\u00fcros versuchen ihre Kunden mit sanftem Kokosgeruch auf die bevorstehende Tropenreise einzustimmen. Autohersteller finden, ihre Wagen sollten nach Leder oder zumindest edel duften, und installieren in das Handschuhfach Ger\u00e4te, mit denen man zur Ferienzeit mit dem Geruch von Zeder, Meeresbrise oder frisch geschnittenem Gras in der Nase im Stau steht. Doch D\u00fcfte k\u00f6nnen nicht nur ein wohliges Gef\u00fchl hervorrufen, sie heben auch die Stimmung und haben einen gesundheitlichen Nutzen. Denn wenn Duftmolek\u00fcle in die Nase gelangen, treffen sie auf die Riechrezeptoren am Nasendach (lat. tectum nasi). Und von dort gelangen die Duftinformationen unmittelbar ins Hirn &#8211; in eben erkl\u00e4rtes limbisches System. Hier werden unsere Emotionen gesteuert, stark gekoppelt mit Erinnerungen. Deshalb sind D\u00fcfte besonders intensiv als <a href=\"https:\/\/www.ds.mpg.de\/2495238\/Gerueche_und_Erinnerungen\" target=\"_blank\" rel=\"noopener\">Erinnerungsspeicher<\/a> zu sehen. \u00c4hnlich wie eine bestimmte Melodie, die man als Kind geh\u00f6rt hat. Oder der eine Song, im Sommer als man 18 Jahre alt wurde. Und das beruhigt das Nervensystem und sch\u00fcttet &#8211; bei sch\u00f6nen Assoziationen &#8211; Gl\u00fcckshormone aus.<span class=\"Apple-converted-space\">\u00a0<\/span><\/p>\n<h2>Individueller Duft.<span class=\"Apple-converted-space\">\u00a0<\/span><\/h2>\n<p>So wird der Duft eines Produkts &#8211; sei es ein Hotelzimmer oder ein Modegesch\u00e4ft &#8211; zu einem ganz individuellen \u201eHeimatduft\u201c und zu einem Markenzeichen, dass man mit genau diesem Raum oder dieser Sache verbindet. Und bestenfalls als Erinnerung mit Wiedererkennungswert abspeichert. Dabei assoziiert jeder etwas anderes mit einem<span class=\"Apple-converted-space\">\u00a0<\/span>bestimmten Geruch. Klar: Etwas Subjektiveres als unsere Erinnerungen gibt es nicht. Aber auch geographisch-kulturelle Unterschiede zeichnen eine unterschiedliche Duft-Landkarte: In Deutschland beispielsweise wird Sauberkeit mit Zitrusduft assoziiert, in den USA ist der Blumenduft das Signal f\u00fcr blankgeputzte R\u00e4ume. Deswegen besteht die Entwicklung eines <a href=\"http:\/\/www.aromea.at\/\" target=\"_blank\" rel=\"noopener\">Corporate Scents<\/a> immer aus mehreren Komponenten, die den Standort und das kulturelle Umfeld einbeziehen.<span class=\"Apple-converted-space\">\u00a0<\/span><\/p>\n<h2>Get started&#8230;<\/h2>\n<p>Was wir riechen, ver\u00e4ndert unsere Wahrnehmung. Und damit unsere Stimmung. Grunds\u00e4tzlich sind schon Ger\u00fcche &#8220;nat\u00fcrlichen Ursprungs&#8221; ein guter Anfang eines Duftmarketings &#8211; quasi als Gegengewicht zum unnat\u00fcrlichen und gestressten Alltag.<span class=\"Apple-converted-space\">\u00a0 <\/span>Zedernholzduft macht gute Laune, Jasmin und Orange wirken beruhigend. Lavendel sowieso. Oder soll es vielleicht eine Mischung sein? Dem Duftmarketing sind n\u00e4mlich kaum Grenzen gesetzt&#8230;[\/vc_column_text][\/vc_column][\/vc_row][vc_section css=&#8221;.vc_custom_1535715447181{padding-top: 65px !important;padding-bottom: 65px !important;}&#8221; el_class=&#8221;blog-quote&#8221;][vc_row][vc_column width=&#8221;1\/2&#8243; el_class=&#8221;blog-quote-image&#8221;][vc_single_image image=&#8221;649&#8243; img_size=&#8221;full&#8221; add_caption=&#8221;yes&#8221;][\/vc_column][vc_column width=&#8221;1\/2&#8243; el_class=&#8221;blog-quote-text&#8221;][vc_custom_heading text=&#8221;Es ist also unbestritten, dass D\u00fcfte irgendetwas mit uns anstellen.&#8221; font_container=&#8221;tag:p|font_size:40px|text_align:left|color:%23000000|line_height:46px&#8221; use_theme_fonts=&#8221;yes&#8221;][vc_column_text css=&#8221;.vc_custom_1535715488553{margin-top: 40px !important;}&#8221; el_class=&#8221;blog-quote-source&#8221;]Wissenschaft und Erfahrung sind sich einig.[\/vc_column_text][\/vc_column][\/vc_row][\/vc_section]<\/p>\n<\/div>","protected":false},"excerpt":{"rendered":"<p>[vc_row css=&#8221;.vc_custom_1533803755721{padding-bottom: 65px !important;}&#8221;][vc_column css=&#8221;.vc_custom_1533741223367{padding-right: 200px !important;padding-left: 200px !important;}&#8221; el_class=&#8221;single-blog-content&#8221;][vc_column_text]Es ist nicht erst das 21. Jahrhundert, dass uns das Duftmarketing in Hotels und Einkaufsl\u00e4den, Fitnessstudios und<span class=\"excerpt-hellip\"> [\u2026]<\/span><\/p>\n","protected":false},"author":4,"featured_media":652,"comment_status":"open","ping_status":"open","sticky":false,"template":"","format":"standard","meta":{"_acf_changed":false,"inline_featured_image":false,"footnotes":""},"categories":[31],"tags":[41,40,46,30,45,39,44,43,42],"class_list":["post-647","post","type-post","status-publish","format-standard","has-post-thumbnail","hentry","category-world-of-aromea","tag-air-design","tag-corporate-scent","tag-duftgedaechtnis","tag-duftmarketing","tag-homo-oeconomicus","tag-konsument","tag-konsumentscheidung","tag-limbisches-system","tag-shopping"],"acf":[],"yoast_head":"<!-- This site is optimized with the Yoast SEO plugin v21.8.1 - https:\/\/yoast.com\/wordpress\/plugins\/seo\/ -->\n<title>Es duftet - Einkaufen der Nase nach<\/title>\n<meta name=\"description\" content=\"Seit jeher assoziieren wir D\u00fcfte mit Emotionen und Erinnerungen. Wo es gut riecht, da f\u00fchlen wir uns wohl - und kaufen auch gerne ein.\" \/>\n<meta name=\"robots\" content=\"index, follow, max-snippet:-1, max-image-preview:large, max-video-preview:-1\" \/>\n<link rel=\"canonical\" href=\"https:\/\/aromea.eu\/at\/duftmarketing\/blog\/es-duftet-einkaufen-der-nase-nach\/\" \/>\n<meta property=\"og:locale\" content=\"de_DE\" \/>\n<meta property=\"og:type\" content=\"article\" \/>\n<meta property=\"og:title\" content=\"Es duftet - Einkaufen der Nase nach\" \/>\n<meta property=\"og:description\" content=\"Seit jeher assoziieren wir D\u00fcfte mit Emotionen und Erinnerungen. Wo es gut riecht, da f\u00fchlen wir uns wohl - und kaufen auch gerne ein.\" \/>\n<meta property=\"og:url\" content=\"https:\/\/aromea.eu\/at\/duftmarketing\/blog\/es-duftet-einkaufen-der-nase-nach\/\" \/>\n<meta property=\"og:site_name\" content=\"Aromea\" \/>\n<meta property=\"article:published_time\" content=\"2018-08-31T11:38:13+00:00\" \/>\n<meta property=\"article:modified_time\" content=\"2018-10-02T13:56:03+00:00\" \/>\n<meta property=\"og:image\" content=\"https:\/\/aromea.eu\/at\/duftmarketing\/wp-content\/uploads\/bernard-hermant-663480-unsplash_Fotor.jpg\" \/>\n\t<meta property=\"og:image:width\" content=\"1500\" \/>\n\t<meta property=\"og:image:height\" content=\"1474\" \/>\n\t<meta property=\"og:image:type\" content=\"image\/jpeg\" \/>\n<meta name=\"author\" content=\"Kristina Erhard\" \/>\n<meta name=\"twitter:card\" content=\"summary_large_image\" \/>\n<meta name=\"twitter:label1\" content=\"Verfasst von\" \/>\n\t<meta name=\"twitter:data1\" content=\"Kristina Erhard\" \/>\n\t<meta name=\"twitter:label2\" content=\"Gesch\u00e4tzte Lesezeit\" \/>\n\t<meta name=\"twitter:data2\" content=\"4\u00a0Minuten\" \/>\n<script type=\"application\/ld+json\" class=\"yoast-schema-graph\">{\"@context\":\"https:\/\/schema.org\",\"@graph\":[{\"@type\":\"WebPage\",\"@id\":\"https:\/\/aromea.eu\/at\/duftmarketing\/blog\/es-duftet-einkaufen-der-nase-nach\/\",\"url\":\"https:\/\/aromea.eu\/at\/duftmarketing\/blog\/es-duftet-einkaufen-der-nase-nach\/\",\"name\":\"Es duftet - Einkaufen der Nase nach\",\"isPartOf\":{\"@id\":\"https:\/\/aromea.eu\/at\/duftmarketing\/#website\"},\"datePublished\":\"2018-08-31T11:38:13+00:00\",\"dateModified\":\"2018-10-02T13:56:03+00:00\",\"author\":{\"@id\":\"https:\/\/aromea.eu\/at\/duftmarketing\/#\/schema\/person\/aaef86dad639ed44ee9515f1dc1f26be\"},\"description\":\"Seit jeher assoziieren wir D\u00fcfte mit Emotionen und Erinnerungen. Wo es gut riecht, da f\u00fchlen wir uns wohl - und kaufen auch gerne ein.\",\"inLanguage\":\"de\",\"potentialAction\":[{\"@type\":\"ReadAction\",\"target\":[\"https:\/\/aromea.eu\/at\/duftmarketing\/blog\/es-duftet-einkaufen-der-nase-nach\/\"]}]},{\"@type\":\"WebSite\",\"@id\":\"https:\/\/aromea.eu\/at\/duftmarketing\/#website\",\"url\":\"https:\/\/aromea.eu\/at\/duftmarketing\/\",\"name\":\"Aromea\",\"description\":\"Airdesign\",\"potentialAction\":[{\"@type\":\"SearchAction\",\"target\":{\"@type\":\"EntryPoint\",\"urlTemplate\":\"https:\/\/aromea.eu\/at\/duftmarketing\/?s={search_term_string}\"},\"query-input\":\"required name=search_term_string\"}],\"inLanguage\":\"de\"},{\"@type\":\"Person\",\"@id\":\"https:\/\/aromea.eu\/at\/duftmarketing\/#\/schema\/person\/aaef86dad639ed44ee9515f1dc1f26be\",\"name\":\"Kristina Erhard\",\"image\":{\"@type\":\"ImageObject\",\"inLanguage\":\"de\",\"@id\":\"https:\/\/aromea.eu\/at\/duftmarketing\/#\/schema\/person\/image\/\",\"url\":\"https:\/\/secure.gravatar.com\/avatar\/970c8f1128d26f2e7a93f05cea4cd4a9934e5fb0a5870459e46105dba5349eec?s=96&d=mm&r=g\",\"contentUrl\":\"https:\/\/secure.gravatar.com\/avatar\/970c8f1128d26f2e7a93f05cea4cd4a9934e5fb0a5870459e46105dba5349eec?s=96&d=mm&r=g\",\"caption\":\"Kristina Erhard\"}}]}<\/script>\n<!-- \/ Yoast SEO plugin. -->","yoast_head_json":{"title":"Es duftet - Einkaufen der Nase nach","description":"Seit jeher assoziieren wir D\u00fcfte mit Emotionen und Erinnerungen. Wo es gut riecht, da f\u00fchlen wir uns wohl - und kaufen auch gerne ein.","robots":{"index":"index","follow":"follow","max-snippet":"max-snippet:-1","max-image-preview":"max-image-preview:large","max-video-preview":"max-video-preview:-1"},"canonical":"https:\/\/aromea.eu\/at\/duftmarketing\/blog\/es-duftet-einkaufen-der-nase-nach\/","og_locale":"de_DE","og_type":"article","og_title":"Es duftet - Einkaufen der Nase nach","og_description":"Seit jeher assoziieren wir D\u00fcfte mit Emotionen und Erinnerungen. Wo es gut riecht, da f\u00fchlen wir uns wohl - und kaufen auch gerne ein.","og_url":"https:\/\/aromea.eu\/at\/duftmarketing\/blog\/es-duftet-einkaufen-der-nase-nach\/","og_site_name":"Aromea","article_published_time":"2018-08-31T11:38:13+00:00","article_modified_time":"2018-10-02T13:56:03+00:00","og_image":[{"width":1500,"height":1474,"url":"https:\/\/aromea.eu\/at\/duftmarketing\/wp-content\/uploads\/bernard-hermant-663480-unsplash_Fotor.jpg","type":"image\/jpeg"}],"author":"Kristina Erhard","twitter_card":"summary_large_image","twitter_misc":{"Verfasst von":"Kristina Erhard","Gesch\u00e4tzte Lesezeit":"4\u00a0Minuten"},"schema":{"@context":"https:\/\/schema.org","@graph":[{"@type":"WebPage","@id":"https:\/\/aromea.eu\/at\/duftmarketing\/blog\/es-duftet-einkaufen-der-nase-nach\/","url":"https:\/\/aromea.eu\/at\/duftmarketing\/blog\/es-duftet-einkaufen-der-nase-nach\/","name":"Es duftet - Einkaufen der Nase nach","isPartOf":{"@id":"https:\/\/aromea.eu\/at\/duftmarketing\/#website"},"datePublished":"2018-08-31T11:38:13+00:00","dateModified":"2018-10-02T13:56:03+00:00","author":{"@id":"https:\/\/aromea.eu\/at\/duftmarketing\/#\/schema\/person\/aaef86dad639ed44ee9515f1dc1f26be"},"description":"Seit jeher assoziieren wir D\u00fcfte mit Emotionen und Erinnerungen. Wo es gut riecht, da f\u00fchlen wir uns wohl - und kaufen auch gerne ein.","inLanguage":"de","potentialAction":[{"@type":"ReadAction","target":["https:\/\/aromea.eu\/at\/duftmarketing\/blog\/es-duftet-einkaufen-der-nase-nach\/"]}]},{"@type":"WebSite","@id":"https:\/\/aromea.eu\/at\/duftmarketing\/#website","url":"https:\/\/aromea.eu\/at\/duftmarketing\/","name":"Aromea","description":"Airdesign","potentialAction":[{"@type":"SearchAction","target":{"@type":"EntryPoint","urlTemplate":"https:\/\/aromea.eu\/at\/duftmarketing\/?s={search_term_string}"},"query-input":"required name=search_term_string"}],"inLanguage":"de"},{"@type":"Person","@id":"https:\/\/aromea.eu\/at\/duftmarketing\/#\/schema\/person\/aaef86dad639ed44ee9515f1dc1f26be","name":"Kristina Erhard","image":{"@type":"ImageObject","inLanguage":"de","@id":"https:\/\/aromea.eu\/at\/duftmarketing\/#\/schema\/person\/image\/","url":"https:\/\/secure.gravatar.com\/avatar\/970c8f1128d26f2e7a93f05cea4cd4a9934e5fb0a5870459e46105dba5349eec?s=96&d=mm&r=g","contentUrl":"https:\/\/secure.gravatar.com\/avatar\/970c8f1128d26f2e7a93f05cea4cd4a9934e5fb0a5870459e46105dba5349eec?s=96&d=mm&r=g","caption":"Kristina Erhard"}}]}},"_links":{"self":[{"href":"https:\/\/aromea.eu\/at\/duftmarketing\/wp-json\/wp\/v2\/posts\/647","targetHints":{"allow":["GET"]}}],"collection":[{"href":"https:\/\/aromea.eu\/at\/duftmarketing\/wp-json\/wp\/v2\/posts"}],"about":[{"href":"https:\/\/aromea.eu\/at\/duftmarketing\/wp-json\/wp\/v2\/types\/post"}],"author":[{"embeddable":true,"href":"https:\/\/aromea.eu\/at\/duftmarketing\/wp-json\/wp\/v2\/users\/4"}],"replies":[{"embeddable":true,"href":"https:\/\/aromea.eu\/at\/duftmarketing\/wp-json\/wp\/v2\/comments?post=647"}],"version-history":[{"count":0,"href":"https:\/\/aromea.eu\/at\/duftmarketing\/wp-json\/wp\/v2\/posts\/647\/revisions"}],"wp:featuredmedia":[{"embeddable":true,"href":"https:\/\/aromea.eu\/at\/duftmarketing\/wp-json\/wp\/v2\/media\/652"}],"wp:attachment":[{"href":"https:\/\/aromea.eu\/at\/duftmarketing\/wp-json\/wp\/v2\/media?parent=647"}],"wp:term":[{"taxonomy":"category","embeddable":true,"href":"https:\/\/aromea.eu\/at\/duftmarketing\/wp-json\/wp\/v2\/categories?post=647"},{"taxonomy":"post_tag","embeddable":true,"href":"https:\/\/aromea.eu\/at\/duftmarketing\/wp-json\/wp\/v2\/tags?post=647"}],"curies":[{"name":"wp","href":"https:\/\/api.w.org\/{rel}","templated":true}]}}