{"id":6178,"date":"2021-03-09T09:58:14","date_gmt":"2021-03-09T08:58:14","guid":{"rendered":"https:\/\/aromea.eu\/at\/duftmarketing\/?p=6178"},"modified":"2021-03-10T09:10:21","modified_gmt":"2021-03-10T08:10:21","slug":"duftes-summerfeeling-airdesign-im-saisonhotel-parks-am-woerthersee","status":"publish","type":"post","link":"https:\/\/aromea.eu\/at\/duftmarketing\/blog\/duftes-summerfeeling-airdesign-im-saisonhotel-parks-am-woerthersee\/","title":{"rendered":"Duftes Summerfeeling: Airdesign im Saisonhotel Parks am W\u00f6rthersee"},"content":{"rendered":"<div class=\"wpb-content-wrapper\"><p>[vc_row css=&#8221;.vc_custom_1533803755721{padding-bottom: 65px !important;}&#8221;][vc_column css=&#8221;.vc_custom_1614241305169{padding-right: 200px !important;padding-left: 200px !important;}&#8221; el_class=&#8221;single-blog-content&#8221;][vc_column_text]Der Countdown l\u00e4uft. 51 Tage, 14 Stunden, 10 Minuten und 50 Sekunden. Und dann? Dann \u00f6ffnet das <a href=\"https:\/\/www.parks-velden.at\/\" target=\"_blank\" rel=\"noopener\">Hotel Parks in Velden<\/a> wieder seine Tore! Der Countdown auf der Homepage verr\u00e4t: Sie k\u00f6nnen die Sommersaison auch kaum erwarten. Weil sie einfach wissen, dass Summertime am <a href=\"https:\/\/www.parks-velden.at\/\" target=\"_blank\" rel=\"noopener\">W\u00f6rthersee<\/a> so viel fancier ist als der kalte graue Winter: Als Saisonhotel steht das <a href=\"https:\/\/www.parks-velden.at\/\" target=\"_blank\" rel=\"noopener\">Parks<\/a> eben f\u00fcr Cocktails an lauen Sommerabenden, coole Beats im Beachclub, hei\u00dfe Tage am W\u00f6rthersee und Action pur in der malerischen Umgebung. Eben einfach f\u00fcr Summerfeeling deluxe! Oder um es mit ihren Worten zu sagen: F\u00fcr simply good times. Die Kirsche auf dem Sahneh\u00e4ubchen: Ein sanfter Duft, der auch simply good ist. Wie das gemeinsam ein unschlagbares Konzept ergibt, hat uns Marissa Berger aus dem Marketing verraten.<\/p>\n<p>&nbsp;<\/p>\n<h4>Frage: Das Saisonhotel Parks liegt direkt am W\u00f6rthersee. Mitten in Velden: Der Hotspot K\u00e4rntens. Was macht Ihr Hotel so besonders?<\/h4>\n<p><strong>Berger:<\/strong> Unser Erfolgsgeheimnis ist nat\u00fcrlich nicht nur ein Aspekt, sondern wir haben gleich f\u00fcnf! Das sind quasi die f\u00fcnf S\u00e4ulen auf denen das <a href=\"https:\/\/www.parks-velden.at\/\" target=\"_blank\" rel=\"noopener\">Parks<\/a> steht. N\u00e4mlich einmal die direkte Lage am <a href=\"https:\/\/www.woerthersee.com\/\" target=\"_blank\" rel=\"noopener\">W\u00f6rthersee<\/a> mit Seezugang und Wellnessbereich. Dann nat\u00fcrlich die freundlichen und kompetenten Mitarbeiter, deren Schlemmer-Herz f\u00fcr die Gastronomie schl\u00e4gt und das damit verkn\u00fcpfte Fr\u00fchst\u00fccksbuffet, das wirklich jeden Morgenmuffel zum Fr\u00fchaufsteher macht. Eine weitere S\u00e4ule ist nat\u00fcrlich der <a href=\"https:\/\/www.solbeachclub.at\/\" target=\"_blank\" rel=\"noopener\">Sol Beach Club<\/a> als kulinarischer Hotspot am W\u00f6rthersee mit Loungen, Daybeds und coolem Sound. Und on top \u2013 gerade in der aktuellen Zeit wichtiger denn je \u2013 h\u00f6chste Sauberkeits- und Hygienestandards im gesamten Areal.[\/vc_column_text][vc_single_image image=&#8221;6183&#8243; img_size=&#8221;large&#8221; alignment=&#8221;center&#8221;][vc_separator][vc_column_text]<\/p>\n<h4>Frage: Ihr Motto: Simply good times.\u00a0Wie setzen Sie das um?<\/h4>\n<p><strong>Berger:<\/strong> Simply good times: Das ist doch das Wichtigste bei einem Sommerurlaub! Deswegen sollen unsere G\u00e4ste von der Ankunft bis zur Abreise einen unvergesslichen, stressfreien und gem\u00fctlichen Aufenthalt erleben. Dazu geh\u00f6rt nat\u00fcrlich, dass einfach alles da ist, was man sich w\u00fcnschen kann. Ausflugsziele rund um das Hotel, der <a href=\"https:\/\/www.woerthersee.com\/\" target=\"_blank\" rel=\"noopener\">W\u00f6rthersee<\/a> direkt vor der T\u00fcr, fantastisches Essen\u2026 Priorit\u00e4t ist: Den G\u00e4ste ihre W\u00fcnsche erf\u00fcllen, bevor sie \u00fcberhaupt dar\u00fcber nachdenken. Ihnen quasi jeden Wunsch von den Augen ablesen. F\u00fcr simply good times eben.<\/p>\n<h4>Frage: \u00a0Gleich beim Eingang und in der Lobby wird man bei Ihnen dank des Nano-Pro mit dem Duft White Tea Fusion verzaubert. Warum haben Sie sich f\u00fcr dieses Ger\u00e4t und diesen besonderen Duft entschieden?<\/h4>\n<p><strong>Berger:<\/strong> Wir wollten auf jeden Fall ein leises und unauff\u00e4lliges <a href=\"https:\/\/aromea.eu\/at\/duftmarketing\/produkt\/aromeapro\/\" target=\"_blank\" rel=\"noopener\">Ger\u00e4t<\/a>. Nach dem Motto: Klein, aber oho. Und da trifft der <a href=\"https:\/\/aromea.eu\/at\/duftmarketing\/produkt\/aromeapro\/\" target=\"_blank\" rel=\"noopener\">Nano Pro<\/a> zu 100% unseren Geschmack. Er beduftet gro\u00dfe Fl\u00e4chen, ist wartungsarm, sorgt f\u00fcr eine absolut <a href=\"https:\/\/aromea.eu\/at\/duftmarketing\/2019\/03\/25\/aromea-duftloesung-mit-hygieneanspruch\/\" target=\"_blank\" rel=\"noopener\">hygienische Beduftung<\/a> und ist noch dazu simpel zu verstecken. Besser geht es gar nicht f\u00fcr uns. Und in den <a href=\"https:\/\/aromea.eu\/at\/duftmarketing\/raumduefte\/duefte-fuer-nano-geraete\/\" target=\"_blank\" rel=\"noopener\">Duft<\/a> haben wir uns sowieso sofort verliebt. Er passt einfach perfekt zu uns: Simple mit Charme. Ein <a href=\"https:\/\/aromea.eu\/at\/duftmarketing\/raumduefte\/duefte-fuer-nano-geraete\/\" target=\"_blank\" rel=\"noopener\">subtiler Duft<\/a> mit wei\u00dfem Tee, einem Hauch von Ingwer und Bergamotte und einer holzigen Note. Dadurch wirkt er einerseits sehr elegant und erdend, aber andererseits auch total erfrischend! Einfach ein absoluter <a href=\"https:\/\/aromea.eu\/at\/duftmarketing\/raumduefte\/duefte-fuer-nano-geraete\/\" target=\"_blank\" rel=\"noopener\">Wohlf\u00fchl-Duft<\/a> f\u00fcr G\u00e4ste und Mitarbeiter!<\/p>\n<h4>Frage: Die aktuelle Situation trifft uns alle hart: Vor allem als Hotel sind Sie stark betroffen. Wie konnte das Duftmarketing von AROMEA Sie in dieser Zeit unterst\u00fctzen?<\/h4>\n<p><strong>Berger:<\/strong> <a href=\"https:\/\/aromea.eu\/at\/duftmarketing\/raumduefte\/duefte-fuer-nano-geraete\/\" target=\"_blank\" rel=\"noopener\">D\u00fcfte<\/a> k\u00f6nnen so viel f\u00fcr unser Wohlbefinden tun: Das merkt man vor allem in Zeiten wie diesen. Deswegen auch ein gro\u00dfes Dankesch\u00f6n an AROMEA! Sie verkaufen nicht nur <a href=\"https:\/\/aromea.eu\/at\/duftmarketing\/raumduefte\/duefte-fuer-nano-geraete\/\" target=\"_blank\" rel=\"noopener\">D\u00fcfte<\/a>, sondern ein Gef\u00fchl. Mit unserem Duft <a href=\"https:\/\/aromea.eu\/at\/duftmarketing\/raumduefte\/duefte-fuer-nano-geraete\/\" target=\"_blank\" rel=\"noopener\">\u201eWhite Tea Fusion\u201c<\/a> k\u00f6nnen wir bei unseren G\u00e4sten ein wohliges und erholsames Gef\u00fchl erzeugen. Das kommt aktuell ja definitiv zu kurz. Und das Beste ist: Der erfrischende <a href=\"https:\/\/aromea.eu\/at\/duftmarketing\/raumduefte\/duefte-fuer-nano-geraete\/\" target=\"_blank\" rel=\"noopener\">Duft<\/a> sorgt vor allem daf\u00fcr, dass man sich sicher f\u00fchlt. Ein heimeliges Gef\u00fchl. Wie zu Hause. Und besser kann es ja gar nicht duften.<\/p>\n<p><strong>Vielen Dank f\u00fcr das Gespr\u00e4ch!<\/strong>[\/vc_column_text][\/vc_column][\/vc_row][vc_row][vc_column width=&#8221;1\/2&#8243;][vc_single_image image=&#8221;6181&#8243; img_size=&#8221;full&#8221; alignment=&#8221;center&#8221;][\/vc_column][vc_column width=&#8221;1\/2&#8243;][vc_custom_heading text=&#8221;Das Beste ist: Der erfrischende Duft sorgt vor allem daf\u00fcr, dass man sich sicher f\u00fchlt. Ein heimeliges Gef\u00fchl. Wie zu Hause. Und besser kann es ja gar nicht duften.&#8221; font_container=&#8221;tag:p|font_size:40px|text_align:left|color:%23000000|line_height:46px&#8221; use_theme_fonts=&#8221;yes&#8221;][vc_column_text]<span style=\"color: #000000; letter-spacing: 4.29px; line-height: 20px; font-size: 12px;\">Marissa Berger \u00fcber ihre Duftauswahl<\/span>[\/vc_column_text][\/vc_column][\/vc_row][vc_row][vc_column][vc_separator][\/vc_column][\/vc_row][vc_row content_placement=&#8221;middle&#8221;][vc_column el_class=&#8221;social-column&#8221;][vc_raw_html el_class=&#8221;pinterest-code&#8221;]JTNDYSUyMGlkJTNEJTIycGludGVyZXN0LWJ1dHRvbiUyMiUyMHRhcmdldCUzRCUyMl9ibGFuayUyMiUwQSUyMCUyMCUyMGhyZWYlM0QlMjJodHRwcyUzQSUyRiUyRnd3dy5waW50ZXJlc3QuY29tJTJGcGluJTJGY3JlYXRlJTJGYnV0dG9uJTJGJTIyJTBBJTIwJTIwJTIwZGF0YS1waW4tZG8lM0QlMjJidXR0b25QaW4lMjIlMEElMjAlMjAlMjBkYXRhLXBpbi1jdXN0b20lM0QlMjJ0cnVlJTIyJTNFJTBBJTNDZGl2JTIwY2xhc3MlM0QlMjJ2Y19pY29uX2VsZW1lbnQlMjB2Y19pY29uX2VsZW1lbnQtb3V0ZXIlMjB2Y19pY29uX2VsZW1lbnQtYWxpZ24tY2VudGVyJTIwdmNfaWNvbl9lbGVtZW50LWhhdmUtc3R5bGUlMjIlM0UlMEElMjAlMjAlM0NkaXYlMjBjbGFzcyUzRCUyMnZjX2ljb25fZWxlbWVudC1pbm5lciUyMHZjX2ljb25fZWxlbWVudC1jb2xvci13aGl0ZSUyMHZjX2ljb25fZWxlbWVudC1oYXZlLXN0eWxlLWlubmVyJTIwdmNfaWNvbl9lbGVtZW50LXNpemUtbWQlMjB2Y19pY29uX2VsZW1lbnQtc3R5bGUtcm91bmRlZCUyMHZjX2ljb25fZWxlbWVudC1iYWNrZ3JvdW5kJTIwdmNfaWNvbl9lbGVtZW50LWJhY2tncm91bmQtY29sb3ItYmxhY2slMjIlM0UlMEElMjAlMjAlMjAlMjAlM0NzcGFuJTIwY2xhc3MlM0QlMjJ2Y19pY29uX2VsZW1lbnQtaWNvbiUyMGZhJTIwZmEtcGludGVyZXN0LXAlMjIlM0UlM0MlMkZzcGFuJTNFJTBBJTIwJTIwJTNDJTJGZGl2JTNFJTBBJTNDJTJGZGl2JTNFJTBBJTNDJTJGYSUzRQ==[\/vc_raw_html][vc_icon icon_fontawesome=&#8221;fa fa-instagram&#8221; color=&#8221;white&#8221; background_style=&#8221;rounded&#8221; background_color=&#8221;black&#8221; align=&#8221;center&#8221; link=&#8221;url:https%3A%2F%2Fwww.instagram.com%2Faromeaairdesign%2F||target:%20_blank|&#8221;][vc_icon icon_fontawesome=&#8221;fa fa-facebook&#8221; color=&#8221;white&#8221; background_style=&#8221;rounded&#8221; background_color=&#8221;black&#8221; align=&#8221;center&#8221; link=&#8221;url:https%3A%2F%2Fwww.facebook.com%2Faromeaairdesign%2F||target:%20_blank|&#8221;][vc_raw_html]JTNDZGl2JTIwY2xhc3MlM0QlMjJmYi1saWtlJTIyJTIwaWQlM0QlMjJmYi1saWtlJTIyJTIwZGF0YS1ocmVmJTNEJTIyaHR0cHMlM0ElMkYlMkZhcm9tZWEuZXUlMkZhdCUyRmR1ZnRtYXJrZXRpbmclMkYyMDE5JTJGMDclMkYwOCUyRm1laW4tbGViZW4tbWl0LWFlcmElMkYlMjIlMjBkYXRhLXdpZHRoJTNEJTIyJTIyJTIwZGF0YS1sYXlvdXQlM0QlMjJidXR0b24lMjIlMjBkYXRhLWFjdGlvbiUzRCUyMmxpa2UlMjIlMjBkYXRhLXNpemUlM0QlMjJsYXJnZSUyMiUyMGRhdGEtc2hvdy1mYWNlcyUzRCUyMmZhbHNlJTIyJTIwZGF0YS1zaGFyZSUzRCUyMnRydWUlMjIlM0UlM0MlMkZkaXYlM0U=[\/vc_raw_html][\/vc_column][\/vc_row]<\/p>\n<\/div>","protected":false},"excerpt":{"rendered":"<p>[vc_row css=&#8221;.vc_custom_1533803755721{padding-bottom: 65px !important;}&#8221;][vc_column css=&#8221;.vc_custom_1614241305169{padding-right: 200px !important;padding-left: 200px !important;}&#8221; el_class=&#8221;single-blog-content&#8221;][vc_column_text]Der Countdown l\u00e4uft. 51 Tage, 14 Stunden, 10 Minuten und 50 Sekunden. Und dann? Dann \u00f6ffnet das<span class=\"excerpt-hellip\"> [\u2026]<\/span><\/p>\n","protected":false},"author":4,"featured_media":6185,"comment_status":"open","ping_status":"open","sticky":false,"template":"","format":"standard","meta":{"_acf_changed":false,"inline_featured_image":false,"footnotes":""},"categories":[32,31],"tags":[209,203,271,30,385,143,415,412,413,390,414,391],"class_list":["post-6178","post","type-post","status-publish","format-standard","has-post-thumbnail","hentry","category-airdesign","category-world-of-aromea","tag-airq-technologie","tag-aromea-airdesign","tag-aromea-pro","tag-duftmarketing","tag-duftmarkting-im-hotel","tag-hotel","tag-hotel-corona","tag-hotel-parks","tag-hygiene-in-hotels","tag-velden","tag-wohlfuehlfaktor-hotel","tag-woerthersee"],"acf":[],"yoast_head":"<!-- This site is optimized with the Yoast SEO plugin v21.8.1 - https:\/\/yoast.com\/wordpress\/plugins\/seo\/ -->\n<title>Duftes Summerfeeling: Airdesign im Saisonhotel Parks am W\u00f6rthersee<\/title>\n<meta name=\"description\" content=\"Cocktails in am SOL Beach, coole Beats und laue Sommerabende: Das Hotel Parks in Velden am W\u00f6rthersee wei\u00df wie duftes Summerfeeling geht.\" \/>\n<meta name=\"robots\" content=\"index, follow, max-snippet:-1, max-image-preview:large, max-video-preview:-1\" \/>\n<link rel=\"canonical\" href=\"https:\/\/aromea.eu\/at\/duftmarketing\/blog\/duftes-summerfeeling-airdesign-im-saisonhotel-parks-am-woerthersee\/\" \/>\n<meta property=\"og:locale\" content=\"de_DE\" \/>\n<meta property=\"og:type\" content=\"article\" \/>\n<meta property=\"og:title\" content=\"Duftes Summerfeeling: Airdesign im Saisonhotel Parks am W\u00f6rthersee\" \/>\n<meta property=\"og:description\" content=\"Cocktails in am SOL Beach, coole Beats und laue Sommerabende: Das Hotel Parks in Velden am W\u00f6rthersee wei\u00df wie duftes Summerfeeling geht.\" \/>\n<meta property=\"og:url\" content=\"https:\/\/aromea.eu\/at\/duftmarketing\/blog\/duftes-summerfeeling-airdesign-im-saisonhotel-parks-am-woerthersee\/\" \/>\n<meta property=\"og:site_name\" content=\"Aromea\" \/>\n<meta property=\"article:published_time\" content=\"2021-03-09T08:58:14+00:00\" \/>\n<meta property=\"article:modified_time\" content=\"2021-03-10T08:10:21+00:00\" \/>\n<meta property=\"og:image\" content=\"https:\/\/aromea.eu\/at\/duftmarketing\/wp-content\/uploads\/sead-dedic-sthriK0vrNM-unsplash.jpg\" \/>\n\t<meta property=\"og:image:width\" content=\"1200\" \/>\n\t<meta property=\"og:image:height\" content=\"800\" \/>\n\t<meta property=\"og:image:type\" content=\"image\/jpeg\" \/>\n<meta name=\"author\" content=\"Kristina Erhard\" \/>\n<meta name=\"twitter:card\" content=\"summary_large_image\" \/>\n<meta name=\"twitter:label1\" content=\"Verfasst von\" \/>\n\t<meta name=\"twitter:data1\" content=\"Kristina Erhard\" \/>\n\t<meta name=\"twitter:label2\" content=\"Gesch\u00e4tzte Lesezeit\" \/>\n\t<meta name=\"twitter:data2\" content=\"3\u00a0Minuten\" \/>\n<script type=\"application\/ld+json\" class=\"yoast-schema-graph\">{\"@context\":\"https:\/\/schema.org\",\"@graph\":[{\"@type\":\"WebPage\",\"@id\":\"https:\/\/aromea.eu\/at\/duftmarketing\/blog\/duftes-summerfeeling-airdesign-im-saisonhotel-parks-am-woerthersee\/\",\"url\":\"https:\/\/aromea.eu\/at\/duftmarketing\/blog\/duftes-summerfeeling-airdesign-im-saisonhotel-parks-am-woerthersee\/\",\"name\":\"Duftes Summerfeeling: Airdesign im Saisonhotel Parks am W\u00f6rthersee\",\"isPartOf\":{\"@id\":\"https:\/\/aromea.eu\/at\/duftmarketing\/#website\"},\"datePublished\":\"2021-03-09T08:58:14+00:00\",\"dateModified\":\"2021-03-10T08:10:21+00:00\",\"author\":{\"@id\":\"https:\/\/aromea.eu\/at\/duftmarketing\/#\/schema\/person\/aaef86dad639ed44ee9515f1dc1f26be\"},\"description\":\"Cocktails in am SOL Beach, coole Beats und laue Sommerabende: Das Hotel Parks in Velden am W\u00f6rthersee wei\u00df wie duftes Summerfeeling geht.\",\"inLanguage\":\"de\",\"potentialAction\":[{\"@type\":\"ReadAction\",\"target\":[\"https:\/\/aromea.eu\/at\/duftmarketing\/blog\/duftes-summerfeeling-airdesign-im-saisonhotel-parks-am-woerthersee\/\"]}]},{\"@type\":\"WebSite\",\"@id\":\"https:\/\/aromea.eu\/at\/duftmarketing\/#website\",\"url\":\"https:\/\/aromea.eu\/at\/duftmarketing\/\",\"name\":\"Aromea\",\"description\":\"Airdesign\",\"potentialAction\":[{\"@type\":\"SearchAction\",\"target\":{\"@type\":\"EntryPoint\",\"urlTemplate\":\"https:\/\/aromea.eu\/at\/duftmarketing\/?s={search_term_string}\"},\"query-input\":\"required name=search_term_string\"}],\"inLanguage\":\"de\"},{\"@type\":\"Person\",\"@id\":\"https:\/\/aromea.eu\/at\/duftmarketing\/#\/schema\/person\/aaef86dad639ed44ee9515f1dc1f26be\",\"name\":\"Kristina Erhard\",\"image\":{\"@type\":\"ImageObject\",\"inLanguage\":\"de\",\"@id\":\"https:\/\/aromea.eu\/at\/duftmarketing\/#\/schema\/person\/image\/\",\"url\":\"https:\/\/secure.gravatar.com\/avatar\/970c8f1128d26f2e7a93f05cea4cd4a9934e5fb0a5870459e46105dba5349eec?s=96&d=mm&r=g\",\"contentUrl\":\"https:\/\/secure.gravatar.com\/avatar\/970c8f1128d26f2e7a93f05cea4cd4a9934e5fb0a5870459e46105dba5349eec?s=96&d=mm&r=g\",\"caption\":\"Kristina Erhard\"}}]}<\/script>\n<!-- \/ Yoast SEO plugin. -->","yoast_head_json":{"title":"Duftes Summerfeeling: Airdesign im Saisonhotel Parks am W\u00f6rthersee","description":"Cocktails in am SOL Beach, coole Beats und laue Sommerabende: Das Hotel Parks in Velden am W\u00f6rthersee wei\u00df wie duftes Summerfeeling geht.","robots":{"index":"index","follow":"follow","max-snippet":"max-snippet:-1","max-image-preview":"max-image-preview:large","max-video-preview":"max-video-preview:-1"},"canonical":"https:\/\/aromea.eu\/at\/duftmarketing\/blog\/duftes-summerfeeling-airdesign-im-saisonhotel-parks-am-woerthersee\/","og_locale":"de_DE","og_type":"article","og_title":"Duftes Summerfeeling: Airdesign im Saisonhotel Parks am W\u00f6rthersee","og_description":"Cocktails in am SOL Beach, coole Beats und laue Sommerabende: Das Hotel Parks in Velden am W\u00f6rthersee wei\u00df wie duftes Summerfeeling geht.","og_url":"https:\/\/aromea.eu\/at\/duftmarketing\/blog\/duftes-summerfeeling-airdesign-im-saisonhotel-parks-am-woerthersee\/","og_site_name":"Aromea","article_published_time":"2021-03-09T08:58:14+00:00","article_modified_time":"2021-03-10T08:10:21+00:00","og_image":[{"width":1200,"height":800,"url":"https:\/\/aromea.eu\/at\/duftmarketing\/wp-content\/uploads\/sead-dedic-sthriK0vrNM-unsplash.jpg","type":"image\/jpeg"}],"author":"Kristina Erhard","twitter_card":"summary_large_image","twitter_misc":{"Verfasst von":"Kristina Erhard","Gesch\u00e4tzte Lesezeit":"3\u00a0Minuten"},"schema":{"@context":"https:\/\/schema.org","@graph":[{"@type":"WebPage","@id":"https:\/\/aromea.eu\/at\/duftmarketing\/blog\/duftes-summerfeeling-airdesign-im-saisonhotel-parks-am-woerthersee\/","url":"https:\/\/aromea.eu\/at\/duftmarketing\/blog\/duftes-summerfeeling-airdesign-im-saisonhotel-parks-am-woerthersee\/","name":"Duftes Summerfeeling: Airdesign im Saisonhotel Parks am W\u00f6rthersee","isPartOf":{"@id":"https:\/\/aromea.eu\/at\/duftmarketing\/#website"},"datePublished":"2021-03-09T08:58:14+00:00","dateModified":"2021-03-10T08:10:21+00:00","author":{"@id":"https:\/\/aromea.eu\/at\/duftmarketing\/#\/schema\/person\/aaef86dad639ed44ee9515f1dc1f26be"},"description":"Cocktails in am SOL Beach, coole Beats und laue Sommerabende: Das Hotel Parks in Velden am W\u00f6rthersee wei\u00df wie duftes Summerfeeling geht.","inLanguage":"de","potentialAction":[{"@type":"ReadAction","target":["https:\/\/aromea.eu\/at\/duftmarketing\/blog\/duftes-summerfeeling-airdesign-im-saisonhotel-parks-am-woerthersee\/"]}]},{"@type":"WebSite","@id":"https:\/\/aromea.eu\/at\/duftmarketing\/#website","url":"https:\/\/aromea.eu\/at\/duftmarketing\/","name":"Aromea","description":"Airdesign","potentialAction":[{"@type":"SearchAction","target":{"@type":"EntryPoint","urlTemplate":"https:\/\/aromea.eu\/at\/duftmarketing\/?s={search_term_string}"},"query-input":"required name=search_term_string"}],"inLanguage":"de"},{"@type":"Person","@id":"https:\/\/aromea.eu\/at\/duftmarketing\/#\/schema\/person\/aaef86dad639ed44ee9515f1dc1f26be","name":"Kristina Erhard","image":{"@type":"ImageObject","inLanguage":"de","@id":"https:\/\/aromea.eu\/at\/duftmarketing\/#\/schema\/person\/image\/","url":"https:\/\/secure.gravatar.com\/avatar\/970c8f1128d26f2e7a93f05cea4cd4a9934e5fb0a5870459e46105dba5349eec?s=96&d=mm&r=g","contentUrl":"https:\/\/secure.gravatar.com\/avatar\/970c8f1128d26f2e7a93f05cea4cd4a9934e5fb0a5870459e46105dba5349eec?s=96&d=mm&r=g","caption":"Kristina Erhard"}}]}},"_links":{"self":[{"href":"https:\/\/aromea.eu\/at\/duftmarketing\/wp-json\/wp\/v2\/posts\/6178","targetHints":{"allow":["GET"]}}],"collection":[{"href":"https:\/\/aromea.eu\/at\/duftmarketing\/wp-json\/wp\/v2\/posts"}],"about":[{"href":"https:\/\/aromea.eu\/at\/duftmarketing\/wp-json\/wp\/v2\/types\/post"}],"author":[{"embeddable":true,"href":"https:\/\/aromea.eu\/at\/duftmarketing\/wp-json\/wp\/v2\/users\/4"}],"replies":[{"embeddable":true,"href":"https:\/\/aromea.eu\/at\/duftmarketing\/wp-json\/wp\/v2\/comments?post=6178"}],"version-history":[{"count":0,"href":"https:\/\/aromea.eu\/at\/duftmarketing\/wp-json\/wp\/v2\/posts\/6178\/revisions"}],"wp:featuredmedia":[{"embeddable":true,"href":"https:\/\/aromea.eu\/at\/duftmarketing\/wp-json\/wp\/v2\/media\/6185"}],"wp:attachment":[{"href":"https:\/\/aromea.eu\/at\/duftmarketing\/wp-json\/wp\/v2\/media?parent=6178"}],"wp:term":[{"taxonomy":"category","embeddable":true,"href":"https:\/\/aromea.eu\/at\/duftmarketing\/wp-json\/wp\/v2\/categories?post=6178"},{"taxonomy":"post_tag","embeddable":true,"href":"https:\/\/aromea.eu\/at\/duftmarketing\/wp-json\/wp\/v2\/tags?post=6178"}],"curies":[{"name":"wp","href":"https:\/\/api.w.org\/{rel}","templated":true}]}}