{"id":5494,"date":"2021-01-12T11:35:11","date_gmt":"2021-01-12T10:35:11","guid":{"rendered":"https:\/\/aromea.eu\/at\/duftmarketing\/?p=5494"},"modified":"2021-01-12T11:35:11","modified_gmt":"2021-01-12T10:35:11","slug":"sehenwutscher-eine-dufte-symbiose-von-augen-und-nase","status":"publish","type":"post","link":"https:\/\/aromea.eu\/at\/duftmarketing\/blog\/sehenwutscher-eine-dufte-symbiose-von-augen-und-nase\/","title":{"rendered":"sehen!wutscher: Eine dufte Symbiose von Augen und Nase."},"content":{"rendered":"<div class=\"wpb-content-wrapper\"><p>[vc_row css=&#8221;.vc_custom_1533803755721{padding-bottom: 65px !important;}&#8221;][vc_column css=&#8221;.vc_custom_1563610323838{padding-right: 200px !important;padding-left: 200px !important;}&#8221; el_class=&#8221;single-blog-content&#8221;][vc_column_text]Besser sehen und besser aussehen. Was nach einem netten Wortspiel klingt, ist f\u00fcr <a href=\"https:\/\/wutscher.com\/\" target=\"_blank\" rel=\"noopener noreferrer\">sehen!wutscher<\/a> seit 55 Jahren das A&amp;O ihrer Philosophie. Seit 1966 geh\u00f6rt das Familienunternehmen zu den Besten der Besten. Garantiert. Denn da gibt es von Zufriedenheits- und Beratungs-, \u00fcber Style- und Bestpreis-, bis hin zur Service- und 3-Jahres-Qualit\u00e4ts-Garantie alles. Simply the best: Mit Garantie. Kommt dir bekannt vor? Richtig. Denn da haben wir auch schon die Gemeinsamkeit von <a href=\"https:\/\/wutscher.com\/\" target=\"_blank\" rel=\"noopener noreferrer\">sehen!wutscher<\/a> und <a href=\"https:\/\/aromea.eu\/\" target=\"_blank\" rel=\"noopener noreferrer\">AROMEA Airdesign<\/a> gefunden. Und genau deswegen funktioniert das Konzept auch so wunderbar: In \u00fcber 40 Filialen liegt etwas ganz besonderes in der Luft. Und so bilden die beiden eine perfekte Symbiose: <a href=\"https:\/\/wutscher.com\/\" target=\"_blank\" rel=\"noopener noreferrer\">sehen!wutscher<\/a> k\u00fcmmert sich um die Augen und <a href=\"https:\/\/aromea.eu\/\" target=\"_blank\" rel=\"noopener noreferrer\">AROMEA Airdesign<\/a> k\u00fcmmert sich um die Nase. Aber Moment mal\u2026 Augen und Nase. Wie passt das zusammen? Wir haben nachgefragt. Marketing Manager Heimo Eisner hat geantwortet.<\/p>\n<h4>Frage: sehen!wutscher sorgt bereits in der 3. Generation als Familienunternehmen fu\u0308r bestes Sehen. Worauf sind Sie besonders stolz?<\/h4>\n<p><strong>Eisner:<\/strong> Die Liebe zu den Menschen und die Liebe zu den Brillen: Das treibt uns an und das macht uns auch aus. Wir geben die Leidenschaft von Generation zu Generation weiter. Und dabei nimmt sie nicht ab: Ganz im Gegenteil! Und das sp\u00fcren nat\u00fcrlich auch unsere Kunden. Wir sind sehr stolz darauf dieses Gef\u00fchl seit 55 Jahren vermitteln zu k\u00f6nnen. On top: <a href=\"https:\/\/wutscher.com\/service-garantien\" target=\"_blank\" rel=\"noopener noreferrer\">H\u00f6chste Produkt- und Servicequalit\u00e4t<\/a>. Das gemeinsam ergibt ein Package, das einfach unschlagbar ist. Und das Beste daran? Wir d\u00fcrfen Menschen tagt\u00e4glich zu einem besseren Leben verhelfen! Das ist wirklich unser ganzer Stolz.<\/p>\n<h4>Frage: 1966 entstand Ihr Unternehmen als kleines Fachgescha\u0308ft in Eisenerz. Was hat sich seit damals vera\u0308ndert?<\/h4>\n<p><strong>Eisner:<\/strong> Innerhalb von 55 Jahren ver\u00e4ndern sich einige Dinge \u2013 das liegt in der Natur der Sache. Und das ist auch gut so! Denn dank unserer treuen Kunden\/innen und dank der akribischen Arbeit des gesamten Teams betreiben wir mit Ende 2020 mehr als <a href=\"https:\/\/wutscher.com\/optiker\" target=\"_blank\" rel=\"noopener noreferrer\">75 Filialen<\/a> in ganz \u00d6sterreich! Eine ziemlich gro\u00dfe Ver\u00e4nderung, wenn man an unser kleines Optikfachgesch\u00e4ft in der Steiermark denkt\u2026 Durch die starke Expansion und durch viele weitere Faktoren hat sich auch die Zusammenarbeit und die Digitalisierung weiterentwickelt. Aber eine Sache ist noch genau gleich wie 1966 in Eisenerz und darauf sind wir sehr stolz: Die Zufriedenheit der Kunden\/innen. Und unsere t\u00e4gliche Arbeit f\u00fcr ihr Wohlbefinden. Denn auch wenn <a href=\"https:\/\/wutscher.com\/\" target=\"_blank\" rel=\"noopener noreferrer\">sehen!wutscher<\/a> mittlerweile \u201eerwachsen\u201c ist, haben wir immer noch die gleichen Werte wie damals in den Kinderschuhen.[\/vc_column_text][vc_single_image image=&#8221;5497&#8243; img_size=&#8221;large&#8221; alignment=&#8221;center&#8221;][vc_separator][vc_column_text]<\/p>\n<h4>Frage: Gratulation! Seit fu\u0308nf Jahren sind Sie ungeschlagener Service-Champion in O\u0308sterreich: Eine gro\u00dfe Auszeichnung! Was ist Ihr Erfolgsgeheimnis?<\/h4>\n<p><strong>Eisner:<\/strong> Vielen Dank! Wir freuen uns unglaublich, dass wir auch 2020 unsere Kunden\/innen begeistern konnten. Es ist jedes Jahr eine spannende Zeit und die Freude \u00fcber die <a href=\"https:\/\/wutscher.com\/news\/service-champion\/\" target=\"_blank\" rel=\"noopener noreferrer\">Auszeichnung<\/a> ist unbeschreiblich. Wir konnten uns erneut gegen 407 andere Unternehmen behaupten und haben es nicht nur auf den ersten Platz in unserer Branche geschafft, sondern konnten auch den Gesamtsieg beim gr\u00f6\u00dften Service-Rankings in \u00d6sterreich f\u00fcr uns entscheiden! Unsere Vision ist es der verl\u00e4sslichste und kompetenteste Partner in der Augenoptik zu sein. Mit hoher Fachkompetenz, Pr\u00e4zision, Serviceorientierung und dem richtigen Gesp\u00fcr. Und unsere Kunden\/innen scheinen diese Vision zu sp\u00fcren!<\/p>\n<h4>Frage: Bereits u\u0308ber 70 Filialen in ganz O\u0308sterreich sorgen fu\u0308r glu\u0308ckliche Kunden. In u\u0308ber 40 wird Duftmarketing eingesetzt. Warum haben Sie sich dafu\u0308r und somit fu\u0308r AROMEA Airdesign entschieden?<\/h4>\n<p><strong>Eisner:<\/strong> Die Kundenzufriedenheit hat oberste Priorit\u00e4t. Und da ist es nat\u00fcrlich entscheidend, dass sie sich rundum wohl f\u00fchlen bei uns. Da kann Duft wahre Wunder bewirken und deswegen sind wir auf <a href=\"https:\/\/aromea.eu\/at\/duftmarketing\/\" target=\"_blank\" rel=\"noopener noreferrer\">AROMEA Airdesign<\/a> zugegangen. In unseren Augen sind sie einfach die Besten auf ihrem Gebiet. Sie konnten unsere W\u00fcnsche optimal umsetzen und genau das bewirken, was wir uns vorgestellt haben: Ein warmer und herzerw\u00e4rmender <a href=\"https:\/\/aromea.eu\/at\/duftmarketing\/raumduefte\/individuelle-raumduftkonzepte-corporate-scent\/\" target=\"_blank\" rel=\"noopener noreferrer\">Duft<\/a>, der trotzdem f\u00fcr die n\u00f6tige Frische sorgt. Und das Ganze auch noch leise, hypoallergen und nat\u00fcrlich. F\u00fcr ein Wohlbefinden der Superlative.<br \/>\nWas uns da auch besonders gut gef\u00e4llt: Der <a href=\"https:\/\/aromea.eu\/at\/duftmarketing\/raumduefte\/individuelle-raumduftkonzepte-corporate-scent\/\" target=\"_blank\" rel=\"noopener noreferrer\">Duft<\/a> vermittelt ein Gef\u00fchl der N\u00e4he. Gerade in Zeiten wie diesen ein Gef\u00fchl, das eher zu kurz kommt. Aber so hat man sofort ein famili\u00e4res Feeling. Auch mit Abstand.<\/p>\n<h4>Frage: Sie ku\u0308mmern sich um das Wohlbefinden unserer Augen. AROMEA u\u0308bernimmt die Nase. Wie passt das zusammen? Wie kann AROMEA Airdesign Sie in Ihrem Konzept unterstu\u0308tzen?<\/h4>\n<p><strong>Eisner:<\/strong> Es mag zuerst zwar ein bisschen kontrovers klingen, aber sehen und riechen sind beides Sinne, die eigentlich unmittelbar miteinander verkn\u00fcpft sind. Gerade deswegen macht es umso mehr Sinn, beide Sinne anzusprechen und zu verw\u00f6hnen. Aber da wir nun mal nur Profis bei einem der beiden sind, haben wir uns f\u00fcr die Nase <a href=\"https:\/\/aromea.eu\/at\/duftmarketing\/\" target=\"_blank\" rel=\"noopener noreferrer\">AROMEA Airdesign<\/a> in das Boot geholt. So bieten wir ein ultimatives Package, das einfach funktioniert. Je nach Jahreszeit angepasste D\u00fcfte f\u00f6rdern das Wohlbefinden und vermitteln eine wohlige W\u00e4rme. Dadurch haben wir das ganze Jahr \u00fcber ein stimmiges Konzept \u2013 f\u00fcr Augen und Nase.[\/vc_column_text][\/vc_column][\/vc_row][vc_row][vc_column width=&#8221;1\/2&#8243;][vc_single_image image=&#8221;5499&#8243; img_size=&#8221;full&#8221; alignment=&#8221;center&#8221;][\/vc_column][vc_column width=&#8221;1\/2&#8243;][vc_custom_heading text=&#8221;Genau das was wir uns vorgestellt haben: Ein warmer und herzerw\u00e4rmender Duft, der trotzdem f\u00fcr die n\u00f6tige Frische sorgt. Und das Ganze auch noch leise, hypoallergen und nat\u00fcrlich. F\u00fcr ein Wohlbefinden der Superlative.&#8221; font_container=&#8221;tag:p|font_size:40px|text_align:left|color:%23000000|line_height:46px&#8221; use_theme_fonts=&#8221;yes&#8221;][vc_column_text]<span style=\"color: #000000; letter-spacing: 4.29px; line-height: 20px; font-size: 12px;\">Heimo Eisner \u00fcber den Corporate Scent bei sehen!wutscher<\/span>[\/vc_column_text][\/vc_column][\/vc_row][vc_row][vc_column][vc_separator][\/vc_column][\/vc_row][vc_row content_placement=&#8221;middle&#8221;][vc_column el_class=&#8221;social-column&#8221;][vc_raw_html el_class=&#8221;pinterest-code&#8221;]JTNDYSUyMGlkJTNEJTIycGludGVyZXN0LWJ1dHRvbiUyMiUyMHRhcmdldCUzRCUyMl9ibGFuayUyMiUwQSUyMCUyMCUyMGhyZWYlM0QlMjJodHRwcyUzQSUyRiUyRnd3dy5waW50ZXJlc3QuY29tJTJGcGluJTJGY3JlYXRlJTJGYnV0dG9uJTJGJTIyJTBBJTIwJTIwJTIwZGF0YS1waW4tZG8lM0QlMjJidXR0b25QaW4lMjIlMEElMjAlMjAlMjBkYXRhLXBpbi1jdXN0b20lM0QlMjJ0cnVlJTIyJTNFJTBBJTNDZGl2JTIwY2xhc3MlM0QlMjJ2Y19pY29uX2VsZW1lbnQlMjB2Y19pY29uX2VsZW1lbnQtb3V0ZXIlMjB2Y19pY29uX2VsZW1lbnQtYWxpZ24tY2VudGVyJTIwdmNfaWNvbl9lbGVtZW50LWhhdmUtc3R5bGUlMjIlM0UlMEElMjAlMjAlM0NkaXYlMjBjbGFzcyUzRCUyMnZjX2ljb25fZWxlbWVudC1pbm5lciUyMHZjX2ljb25fZWxlbWVudC1jb2xvci13aGl0ZSUyMHZjX2ljb25fZWxlbWVudC1oYXZlLXN0eWxlLWlubmVyJTIwdmNfaWNvbl9lbGVtZW50LXNpemUtbWQlMjB2Y19pY29uX2VsZW1lbnQtc3R5bGUtcm91bmRlZCUyMHZjX2ljb25fZWxlbWVudC1iYWNrZ3JvdW5kJTIwdmNfaWNvbl9lbGVtZW50LWJhY2tncm91bmQtY29sb3ItYmxhY2slMjIlM0UlMEElMjAlMjAlMjAlMjAlM0NzcGFuJTIwY2xhc3MlM0QlMjJ2Y19pY29uX2VsZW1lbnQtaWNvbiUyMGZhJTIwZmEtcGludGVyZXN0LXAlMjIlM0UlM0MlMkZzcGFuJTNFJTBBJTIwJTIwJTNDJTJGZGl2JTNFJTBBJTNDJTJGZGl2JTNFJTBBJTNDJTJGYSUzRQ==[\/vc_raw_html][vc_icon icon_fontawesome=&#8221;fa fa-instagram&#8221; color=&#8221;white&#8221; background_style=&#8221;rounded&#8221; background_color=&#8221;black&#8221; align=&#8221;center&#8221; link=&#8221;url:https%3A%2F%2Fwww.instagram.com%2Faromeaairdesign%2F||target:%20_blank|&#8221;][vc_icon icon_fontawesome=&#8221;fa fa-facebook&#8221; color=&#8221;white&#8221; background_style=&#8221;rounded&#8221; background_color=&#8221;black&#8221; align=&#8221;center&#8221; link=&#8221;url:https%3A%2F%2Fwww.facebook.com%2Faromeaairdesign%2F||target:%20_blank|&#8221;][vc_raw_html]JTNDZGl2JTIwY2xhc3MlM0QlMjJmYi1saWtlJTIyJTIwaWQlM0QlMjJmYi1saWtlJTIyJTIwZGF0YS1ocmVmJTNEJTIyaHR0cHMlM0ElMkYlMkZhcm9tZWEuZXUlMkZhdCUyRmR1ZnRtYXJrZXRpbmclMkYyMDE5JTJGMDclMkYwOCUyRm1laW4tbGViZW4tbWl0LWFlcmElMkYlMjIlMjBkYXRhLXdpZHRoJTNEJTIyJTIyJTIwZGF0YS1sYXlvdXQlM0QlMjJidXR0b24lMjIlMjBkYXRhLWFjdGlvbiUzRCUyMmxpa2UlMjIlMjBkYXRhLXNpemUlM0QlMjJsYXJnZSUyMiUyMGRhdGEtc2hvdy1mYWNlcyUzRCUyMmZhbHNlJTIyJTIwZGF0YS1zaGFyZSUzRCUyMnRydWUlMjIlM0UlM0MlMkZkaXYlM0U=[\/vc_raw_html][\/vc_column][\/vc_row]<\/p>\n<\/div>","protected":false},"excerpt":{"rendered":"<p>[vc_row css=&#8221;.vc_custom_1533803755721{padding-bottom: 65px !important;}&#8221;][vc_column css=&#8221;.vc_custom_1563610323838{padding-right: 200px !important;padding-left: 200px !important;}&#8221; el_class=&#8221;single-blog-content&#8221;][vc_column_text]Besser sehen und besser aussehen. Was nach einem netten Wortspiel klingt, ist f\u00fcr sehen!wutscher seit 55 Jahren<span class=\"excerpt-hellip\"> [\u2026]<\/span><\/p>\n","protected":false},"author":4,"featured_media":5495,"comment_status":"open","ping_status":"open","sticky":false,"template":"","format":"standard","meta":{"_acf_changed":false,"inline_featured_image":false,"footnotes":""},"categories":[32,31],"tags":[209,203,271,40,30,403,397,396,402,401,400],"class_list":["post-5494","post","type-post","status-publish","format-standard","has-post-thumbnail","hentry","category-airdesign","category-world-of-aromea","tag-airq-technologie","tag-aromea-airdesign","tag-aromea-pro","tag-corporate-scent","tag-duftmarketing","tag-duftmarketing-beim-optiker","tag-duftmarketing-im-einzelhandel","tag-einzelhandel","tag-optiker","tag-sehenwutscher","tag-wutscher-optik"],"acf":[],"yoast_head":"<!-- This site is optimized with the Yoast SEO plugin v21.8.1 - https:\/\/yoast.com\/wordpress\/plugins\/seo\/ -->\n<title>sehen!wutscher: Eine dufte Symbiose von Augen und Nase.<\/title>\n<meta name=\"description\" content=\"sehen!wutscher k\u00fcmmert sich um die Augen und AROMEA k\u00fcmmert sich um die Nase. Aber Moment mal\u2026 Augen und Nase. Wie passt das zusammen?\" \/>\n<meta name=\"robots\" content=\"index, follow, max-snippet:-1, max-image-preview:large, max-video-preview:-1\" \/>\n<link rel=\"canonical\" href=\"https:\/\/aromea.eu\/at\/duftmarketing\/blog\/sehenwutscher-eine-dufte-symbiose-von-augen-und-nase\/\" \/>\n<meta property=\"og:locale\" content=\"de_DE\" \/>\n<meta property=\"og:type\" content=\"article\" \/>\n<meta property=\"og:title\" content=\"sehen!wutscher: Eine dufte Symbiose von Augen und Nase.\" \/>\n<meta property=\"og:description\" content=\"sehen!wutscher k\u00fcmmert sich um die Augen und AROMEA k\u00fcmmert sich um die Nase. Aber Moment mal\u2026 Augen und Nase. Wie passt das zusammen?\" \/>\n<meta property=\"og:url\" content=\"https:\/\/aromea.eu\/at\/duftmarketing\/blog\/sehenwutscher-eine-dufte-symbiose-von-augen-und-nase\/\" \/>\n<meta property=\"og:site_name\" content=\"Aromea\" \/>\n<meta property=\"article:published_time\" content=\"2021-01-12T10:35:11+00:00\" \/>\n<meta property=\"og:image\" content=\"https:\/\/aromea.eu\/at\/duftmarketing\/wp-content\/uploads\/girl-524141_1280.jpg\" \/>\n\t<meta property=\"og:image:width\" content=\"1200\" \/>\n\t<meta property=\"og:image:height\" content=\"800\" \/>\n\t<meta property=\"og:image:type\" content=\"image\/jpeg\" \/>\n<meta name=\"author\" content=\"Kristina Erhard\" \/>\n<meta name=\"twitter:card\" content=\"summary_large_image\" \/>\n<meta name=\"twitter:label1\" content=\"Verfasst von\" \/>\n\t<meta name=\"twitter:data1\" content=\"Kristina Erhard\" \/>\n\t<meta name=\"twitter:label2\" content=\"Gesch\u00e4tzte Lesezeit\" \/>\n\t<meta name=\"twitter:data2\" content=\"6\u00a0Minuten\" \/>\n<script type=\"application\/ld+json\" class=\"yoast-schema-graph\">{\"@context\":\"https:\/\/schema.org\",\"@graph\":[{\"@type\":\"WebPage\",\"@id\":\"https:\/\/aromea.eu\/at\/duftmarketing\/blog\/sehenwutscher-eine-dufte-symbiose-von-augen-und-nase\/\",\"url\":\"https:\/\/aromea.eu\/at\/duftmarketing\/blog\/sehenwutscher-eine-dufte-symbiose-von-augen-und-nase\/\",\"name\":\"sehen!wutscher: Eine dufte Symbiose von Augen und Nase.\",\"isPartOf\":{\"@id\":\"https:\/\/aromea.eu\/at\/duftmarketing\/#website\"},\"datePublished\":\"2021-01-12T10:35:11+00:00\",\"dateModified\":\"2021-01-12T10:35:11+00:00\",\"author\":{\"@id\":\"https:\/\/aromea.eu\/at\/duftmarketing\/#\/schema\/person\/aaef86dad639ed44ee9515f1dc1f26be\"},\"description\":\"sehen!wutscher k\u00fcmmert sich um die Augen und AROMEA k\u00fcmmert sich um die Nase. Aber Moment mal\u2026 Augen und Nase. Wie passt das zusammen?\",\"inLanguage\":\"de\",\"potentialAction\":[{\"@type\":\"ReadAction\",\"target\":[\"https:\/\/aromea.eu\/at\/duftmarketing\/blog\/sehenwutscher-eine-dufte-symbiose-von-augen-und-nase\/\"]}]},{\"@type\":\"WebSite\",\"@id\":\"https:\/\/aromea.eu\/at\/duftmarketing\/#website\",\"url\":\"https:\/\/aromea.eu\/at\/duftmarketing\/\",\"name\":\"Aromea\",\"description\":\"Airdesign\",\"potentialAction\":[{\"@type\":\"SearchAction\",\"target\":{\"@type\":\"EntryPoint\",\"urlTemplate\":\"https:\/\/aromea.eu\/at\/duftmarketing\/?s={search_term_string}\"},\"query-input\":\"required name=search_term_string\"}],\"inLanguage\":\"de\"},{\"@type\":\"Person\",\"@id\":\"https:\/\/aromea.eu\/at\/duftmarketing\/#\/schema\/person\/aaef86dad639ed44ee9515f1dc1f26be\",\"name\":\"Kristina Erhard\",\"image\":{\"@type\":\"ImageObject\",\"inLanguage\":\"de\",\"@id\":\"https:\/\/aromea.eu\/at\/duftmarketing\/#\/schema\/person\/image\/\",\"url\":\"https:\/\/secure.gravatar.com\/avatar\/970c8f1128d26f2e7a93f05cea4cd4a9934e5fb0a5870459e46105dba5349eec?s=96&d=mm&r=g\",\"contentUrl\":\"https:\/\/secure.gravatar.com\/avatar\/970c8f1128d26f2e7a93f05cea4cd4a9934e5fb0a5870459e46105dba5349eec?s=96&d=mm&r=g\",\"caption\":\"Kristina Erhard\"}}]}<\/script>\n<!-- \/ Yoast SEO plugin. -->","yoast_head_json":{"title":"sehen!wutscher: Eine dufte Symbiose von Augen und Nase.","description":"sehen!wutscher k\u00fcmmert sich um die Augen und AROMEA k\u00fcmmert sich um die Nase. Aber Moment mal\u2026 Augen und Nase. Wie passt das zusammen?","robots":{"index":"index","follow":"follow","max-snippet":"max-snippet:-1","max-image-preview":"max-image-preview:large","max-video-preview":"max-video-preview:-1"},"canonical":"https:\/\/aromea.eu\/at\/duftmarketing\/blog\/sehenwutscher-eine-dufte-symbiose-von-augen-und-nase\/","og_locale":"de_DE","og_type":"article","og_title":"sehen!wutscher: Eine dufte Symbiose von Augen und Nase.","og_description":"sehen!wutscher k\u00fcmmert sich um die Augen und AROMEA k\u00fcmmert sich um die Nase. Aber Moment mal\u2026 Augen und Nase. Wie passt das zusammen?","og_url":"https:\/\/aromea.eu\/at\/duftmarketing\/blog\/sehenwutscher-eine-dufte-symbiose-von-augen-und-nase\/","og_site_name":"Aromea","article_published_time":"2021-01-12T10:35:11+00:00","og_image":[{"width":1200,"height":800,"url":"https:\/\/aromea.eu\/at\/duftmarketing\/wp-content\/uploads\/girl-524141_1280.jpg","type":"image\/jpeg"}],"author":"Kristina Erhard","twitter_card":"summary_large_image","twitter_misc":{"Verfasst von":"Kristina Erhard","Gesch\u00e4tzte Lesezeit":"6\u00a0Minuten"},"schema":{"@context":"https:\/\/schema.org","@graph":[{"@type":"WebPage","@id":"https:\/\/aromea.eu\/at\/duftmarketing\/blog\/sehenwutscher-eine-dufte-symbiose-von-augen-und-nase\/","url":"https:\/\/aromea.eu\/at\/duftmarketing\/blog\/sehenwutscher-eine-dufte-symbiose-von-augen-und-nase\/","name":"sehen!wutscher: Eine dufte Symbiose von Augen und Nase.","isPartOf":{"@id":"https:\/\/aromea.eu\/at\/duftmarketing\/#website"},"datePublished":"2021-01-12T10:35:11+00:00","dateModified":"2021-01-12T10:35:11+00:00","author":{"@id":"https:\/\/aromea.eu\/at\/duftmarketing\/#\/schema\/person\/aaef86dad639ed44ee9515f1dc1f26be"},"description":"sehen!wutscher k\u00fcmmert sich um die Augen und AROMEA k\u00fcmmert sich um die Nase. Aber Moment mal\u2026 Augen und Nase. Wie passt das zusammen?","inLanguage":"de","potentialAction":[{"@type":"ReadAction","target":["https:\/\/aromea.eu\/at\/duftmarketing\/blog\/sehenwutscher-eine-dufte-symbiose-von-augen-und-nase\/"]}]},{"@type":"WebSite","@id":"https:\/\/aromea.eu\/at\/duftmarketing\/#website","url":"https:\/\/aromea.eu\/at\/duftmarketing\/","name":"Aromea","description":"Airdesign","potentialAction":[{"@type":"SearchAction","target":{"@type":"EntryPoint","urlTemplate":"https:\/\/aromea.eu\/at\/duftmarketing\/?s={search_term_string}"},"query-input":"required name=search_term_string"}],"inLanguage":"de"},{"@type":"Person","@id":"https:\/\/aromea.eu\/at\/duftmarketing\/#\/schema\/person\/aaef86dad639ed44ee9515f1dc1f26be","name":"Kristina Erhard","image":{"@type":"ImageObject","inLanguage":"de","@id":"https:\/\/aromea.eu\/at\/duftmarketing\/#\/schema\/person\/image\/","url":"https:\/\/secure.gravatar.com\/avatar\/970c8f1128d26f2e7a93f05cea4cd4a9934e5fb0a5870459e46105dba5349eec?s=96&d=mm&r=g","contentUrl":"https:\/\/secure.gravatar.com\/avatar\/970c8f1128d26f2e7a93f05cea4cd4a9934e5fb0a5870459e46105dba5349eec?s=96&d=mm&r=g","caption":"Kristina Erhard"}}]}},"_links":{"self":[{"href":"https:\/\/aromea.eu\/at\/duftmarketing\/wp-json\/wp\/v2\/posts\/5494","targetHints":{"allow":["GET"]}}],"collection":[{"href":"https:\/\/aromea.eu\/at\/duftmarketing\/wp-json\/wp\/v2\/posts"}],"about":[{"href":"https:\/\/aromea.eu\/at\/duftmarketing\/wp-json\/wp\/v2\/types\/post"}],"author":[{"embeddable":true,"href":"https:\/\/aromea.eu\/at\/duftmarketing\/wp-json\/wp\/v2\/users\/4"}],"replies":[{"embeddable":true,"href":"https:\/\/aromea.eu\/at\/duftmarketing\/wp-json\/wp\/v2\/comments?post=5494"}],"version-history":[{"count":0,"href":"https:\/\/aromea.eu\/at\/duftmarketing\/wp-json\/wp\/v2\/posts\/5494\/revisions"}],"wp:featuredmedia":[{"embeddable":true,"href":"https:\/\/aromea.eu\/at\/duftmarketing\/wp-json\/wp\/v2\/media\/5495"}],"wp:attachment":[{"href":"https:\/\/aromea.eu\/at\/duftmarketing\/wp-json\/wp\/v2\/media?parent=5494"}],"wp:term":[{"taxonomy":"category","embeddable":true,"href":"https:\/\/aromea.eu\/at\/duftmarketing\/wp-json\/wp\/v2\/categories?post=5494"},{"taxonomy":"post_tag","embeddable":true,"href":"https:\/\/aromea.eu\/at\/duftmarketing\/wp-json\/wp\/v2\/tags?post=5494"}],"curies":[{"name":"wp","href":"https:\/\/api.w.org\/{rel}","templated":true}]}}