{"id":4176,"date":"2020-09-09T11:28:35","date_gmt":"2020-09-09T09:28:35","guid":{"rendered":"https:\/\/aromea.eu\/at\/duftmarketing\/?p=4176"},"modified":"2020-09-14T15:14:38","modified_gmt":"2020-09-14T13:14:38","slug":"duft-lueftung-und-lichtschiene-eine-menage-a-trois","status":"publish","type":"post","link":"https:\/\/aromea.eu\/at\/duftmarketing\/blog\/duft-lueftung-und-lichtschiene-eine-menage-a-trois\/","title":{"rendered":"Duft, L\u00fcftung und Lichtschiene: Eine m\u00e9nage \u00e0 trois"},"content":{"rendered":"<div class=\"wpb-content-wrapper\"><p>[vc_row css=&#8221;.vc_custom_1533803755721{padding-bottom: 65px !important;}&#8221;][vc_column css=&#8221;.vc_custom_1563610323838{padding-right: 200px !important;padding-left: 200px !important;}&#8221; el_class=&#8221;single-blog-content&#8221;][vc_column_text]Play hide and seek hei\u00dft es bei AROMEA Airdesign und flux verschwinden d<a href=\"https:\/\/aromea.eu\/at\/duftmarketing\/duftgeraete-pakete\/\">er AROMEA Pro, der AROMEA Flex und der AROMEA Power<\/a> im Kasten, hinter der L\u00fcftung, in der Abstellkammer und sonst wo, sodass man sie weder sieht noch findet. Sogar in die Zwischendecke passt das Ding! Einzig der Duft wei\u00df darauf hin, wo die kleinen Kraftpakete sich versteckt haben. Ja, AROMEA Airdesign hat sich was besonderes \u00fcberlegt &#8211; f\u00fcr <a href=\"https:\/\/aromea.eu\/at\/duftmarketing\/aromea\/anwendungsbereiche-raumduft\/\">besondere Locations<\/a> und die, die es noch werden wollen. Sogar Abseiling ist Teil des Programms: Der <a href=\"https:\/\/aromea.eu\/at\/duftmarketing\/produkt\/aromeapro\/\">AROMEA Pro<\/a> seilt sich auch von einer Lichtschiene ab. Be a hero, be part of it![\/vc_column_text][vc_column_text]<\/p>\n<h3 class=\"product_title entry-title\">Ab durch die L\u00fcftung!<\/h3>\n<p>Eine L\u00fcftung findet man fast \u00fcberall, auch wenn man sie kaum wahrnimmt. Im Hotel, im Shop, im Wellness-Bereich &#8230; Eh klar, frische Luft und Zirkulation h\u00e4lt die R\u00e4ume nicht nur hygienisch sauber, sondern erleichtert auch den Aufenthalt in ebendiesen. Da w\u00e4re es doch wirklich au\u00dferordentlich cool, wenn aus genau dieser L\u00fcftung auch noch Duft verstr\u00f6mt werden w\u00fcrde, oder? Und AROMEA Airdesign macht das m\u00f6glich. Die Voraussetzung daf\u00fcr: Die L\u00fcftung versorgt den Bereich, den man gerne beduften w\u00fcrde. Und ein wenig Platz. Entweder in der Zwischendecke oder im Wandschrank daneben. Sollte die L\u00fcftung mehrere Bereiche oder R\u00e4ume versorgen, ist das auch kein Problem: Dann baut man das kompakte Nano-Ger\u00e4t <a href=\"https:\/\/aromea.eu\/at\/duftmarketing\/aromea\/ueber-aromea-duftmarketing\/\">mit AirQ-Technologie<\/a> einfach in den entsprechenden L\u00fcftungsabschnitt ein. No worries: Es braucht weder Hammer noch Mei\u00dfel. Sollte die L\u00fcftung \u00fcber eine L\u00fcftungszentrale verf\u00fcgen, dann ist es richtig easy: Das Ger\u00e4t versteckt sich in der Zentrale. Einzig ein Stromanschluss ist von N\u00f6ten und schon duftet es aus &#8211; wortw\u00f6rtlich &#8211; vollen R\u00f6hren! F\u00fcr die Zwischendecke braucht man ebenfalls nur einen Stromanschluss und gegebenenfalls eine Revisionsklappe &#8211; aber die braucht es f\u00fcr ein generelles Service sowieso, nicht war?<\/p>\n<p>Und wie kommt der Duft in das AROMEA Nano-Ger\u00e4t und von dort in die L\u00fcftung? Easy, denn die Duftkartusche befindet sich im Nano-Ger\u00e4t und kann jederzeit ausgetauscht werden. Das machen entweder die <a href=\"https:\/\/aromea.eu\/at\/duftmarketing\/duftgeraete-pakete\/duftmarketing\/\">Meister von AROMEA Airdesign<\/a> selbst oder du. Einfach aufklappen und austauschen. Keine Zauberei, auch wenn der Duft wirklich magic ist.<\/p>\n<h4><strong>Und der Flur duftet maaaaagic!<\/strong><\/h4>\n<p>[\/vc_column_text][vc_single_image image=&#8221;4179&#8243; img_size=&#8221;large&#8221; alignment=&#8221;center&#8221;][vc_separator color=&#8221;white&#8221;][vc_column_text]<\/p>\n<h3>Abseiling von der Lichtschiene<\/h3>\n<p>Gro\u00dfe R\u00e4ume, Galerien und S\u00e4le. Gro\u00dfe Spots, die Tische, Gem\u00e4lde und Ecken ausleuchten. Die Spots wiederum sind an einer langen Schiene befestigt. Das ist die Lichtschiene. F\u00fcr das Auge kaum auffallend, weil man so daran gew\u00f6hnt ist, aber f\u00fcr den AROMEA Pro ganz essentiell. Denn was die Spots k\u00f6nnen, kann der Pro auch: Sich in der Lichtschiene einh\u00e4ngen, die Stromzufuhr anzapfen und duften. Zugegeben: Licht macht er keines. Aber er verbreitet einen ganz subtilen Duft, den man sich nat\u00fcrlich je nach Lust und Laune bei <a href=\"https:\/\/aromea.eu\/at\/duftmarketing\/raumduefte\/duefte-fuer-nano-geraete\/\">AROMEA Airdesign aussuchen kann<\/a>. Da wirkt der gesamte Raum ganz anders, nicht wahr? Also! Mach die Augen auf, vielleicht erkennst du ja in deinen eigenen R\u00e4umen eine Lichtschiene. Und dann fehlt nur noch ein <a href=\"https:\/\/aromea.eu\/at\/duftmarketing\/kontakt\/\">Anruf bei AROMEA Airdesign<\/a>&#8230; it&#8217;s going to change perspectives. Promised!<\/p>\n<h4><strong>Die Lichtschiene und der AROMEA Pro &#8211; ein Tango aus Licht und Duft!<\/strong><\/h4>\n<p>[\/vc_column_text][vc_single_image image=&#8221;4184&#8243; img_size=&#8221;large&#8221; alignment=&#8221;center&#8221;][vc_separator color=&#8221;white&#8221;][vc_column_text]<\/p>\n<h4><em>I want this! Now!<\/em><\/h4>\n<p>[\/vc_column_text][vc_btn title=&#8221;Here u go!&#8221; color=&#8221;mulled-wine&#8221; align=&#8221;center&#8221; link=&#8221;url:https%3A%2F%2Faera.aromea.eu%2Fshop%2Fgood-riddance-smoke-odor%2F|||&#8221;][\/vc_column][\/vc_row][vc_row][vc_column][vc_separator][\/vc_column][\/vc_row][vc_row content_placement=&#8221;middle&#8221;][vc_column el_class=&#8221;social-column&#8221;][vc_raw_html el_class=&#8221;pinterest-code&#8221;]JTNDYSUyMGlkJTNEJTIycGludGVyZXN0LWJ1dHRvbiUyMiUyMHRhcmdldCUzRCUyMl9ibGFuayUyMiUwQSUyMCUyMCUyMGhyZWYlM0QlMjJodHRwcyUzQSUyRiUyRnd3dy5waW50ZXJlc3QuY29tJTJGcGluJTJGY3JlYXRlJTJGYnV0dG9uJTJGJTIyJTBBJTIwJTIwJTIwZGF0YS1waW4tZG8lM0QlMjJidXR0b25QaW4lMjIlMEElMjAlMjAlMjBkYXRhLXBpbi1jdXN0b20lM0QlMjJ0cnVlJTIyJTNFJTBBJTNDZGl2JTIwY2xhc3MlM0QlMjJ2Y19pY29uX2VsZW1lbnQlMjB2Y19pY29uX2VsZW1lbnQtb3V0ZXIlMjB2Y19pY29uX2VsZW1lbnQtYWxpZ24tY2VudGVyJTIwdmNfaWNvbl9lbGVtZW50LWhhdmUtc3R5bGUlMjIlM0UlMEElMjAlMjAlM0NkaXYlMjBjbGFzcyUzRCUyMnZjX2ljb25fZWxlbWVudC1pbm5lciUyMHZjX2ljb25fZWxlbWVudC1jb2xvci13aGl0ZSUyMHZjX2ljb25fZWxlbWVudC1oYXZlLXN0eWxlLWlubmVyJTIwdmNfaWNvbl9lbGVtZW50LXNpemUtbWQlMjB2Y19pY29uX2VsZW1lbnQtc3R5bGUtcm91bmRlZCUyMHZjX2ljb25fZWxlbWVudC1iYWNrZ3JvdW5kJTIwdmNfaWNvbl9lbGVtZW50LWJhY2tncm91bmQtY29sb3ItYmxhY2slMjIlM0UlMEElMjAlMjAlMjAlMjAlM0NzcGFuJTIwY2xhc3MlM0QlMjJ2Y19pY29uX2VsZW1lbnQtaWNvbiUyMGZhJTIwZmEtcGludGVyZXN0LXAlMjIlM0UlM0MlMkZzcGFuJTNFJTBBJTIwJTIwJTNDJTJGZGl2JTNFJTBBJTNDJTJGZGl2JTNFJTBBJTNDJTJGYSUzRQ==[\/vc_raw_html][vc_icon icon_fontawesome=&#8221;fa fa-instagram&#8221; color=&#8221;white&#8221; background_style=&#8221;rounded&#8221; background_color=&#8221;black&#8221; align=&#8221;center&#8221; link=&#8221;url:https%3A%2F%2Fwww.instagram.com%2Faromeaairdesign%2F||target:%20_blank|&#8221;][vc_icon icon_fontawesome=&#8221;fa fa-facebook&#8221; color=&#8221;white&#8221; background_style=&#8221;rounded&#8221; background_color=&#8221;black&#8221; align=&#8221;center&#8221; link=&#8221;url:https%3A%2F%2Fwww.facebook.com%2Faromeaairdesign%2F||target:%20_blank|&#8221;][vc_raw_html]JTNDZGl2JTIwY2xhc3MlM0QlMjJmYi1saWtlJTIyJTIwaWQlM0QlMjJmYi1saWtlJTIyJTIwZGF0YS1ocmVmJTNEJTIyaHR0cHMlM0ElMkYlMkZhcm9tZWEuZXUlMkZhdCUyRmR1ZnRtYXJrZXRpbmclMkYyMDE5JTJGMDclMkYwOCUyRm1laW4tbGViZW4tbWl0LWFlcmElMkYlMjIlMjBkYXRhLXdpZHRoJTNEJTIyJTIyJTIwZGF0YS1sYXlvdXQlM0QlMjJidXR0b24lMjIlMjBkYXRhLWFjdGlvbiUzRCUyMmxpa2UlMjIlMjBkYXRhLXNpemUlM0QlMjJsYXJnZSUyMiUyMGRhdGEtc2hvdy1mYWNlcyUzRCUyMmZhbHNlJTIyJTIwZGF0YS1zaGFyZSUzRCUyMnRydWUlMjIlM0UlM0MlMkZkaXYlM0U=[\/vc_raw_html][\/vc_column][\/vc_row][vc_row el_class=&#8221;no-cta-margin&#8221;][vc_column][vc_row_inner el_class=&#8221;no-cta-margin&#8221;][\/vc_row_inner][\/vc_column][\/vc_row]<\/p>\n<\/div>","protected":false},"excerpt":{"rendered":"<p>[vc_row css=&#8221;.vc_custom_1533803755721{padding-bottom: 65px !important;}&#8221;][vc_column css=&#8221;.vc_custom_1563610323838{padding-right: 200px !important;padding-left: 200px !important;}&#8221; el_class=&#8221;single-blog-content&#8221;][vc_column_text]Play hide and seek hei\u00dft es bei AROMEA Airdesign und flux verschwinden der AROMEA Pro, der AROMEA<span class=\"excerpt-hellip\"> [\u2026]<\/span><\/p>\n","protected":false},"author":4,"featured_media":4177,"comment_status":"open","ping_status":"open","sticky":false,"template":"","format":"standard","meta":{"_acf_changed":false,"inline_featured_image":false,"footnotes":""},"categories":[32],"tags":[209,203,30,346,143,178,375,374,62],"class_list":["post-4176","post","type-post","status-publish","format-standard","has-post-thumbnail","hentry","category-airdesign","tag-airq-technologie","tag-aromea-airdesign","tag-duftmarketing","tag-geruchsreduktion","tag-hotel","tag-hygiene","tag-lichtschiene","tag-lueftung","tag-wellness"],"acf":[],"yoast_head":"<!-- This site is optimized with the Yoast SEO plugin v21.8.1 - https:\/\/yoast.com\/wordpress\/plugins\/seo\/ -->\n<title>Duft, L\u00fcftung und Lichtschiene: Eine m\u00e9nage \u00e0 trois<\/title>\n<meta name=\"description\" content=\"Play hide and seek hei\u00dft es bei AROMEA Airdesign und flus verschwinden der AROMEA Pro, der AROMEA Flex und der AROMEA Power im Kasten, hinter der L\u00fcftung, in der Abstellkammer und sonst wo, sodass man sie weder sieht noch findet.\" \/>\n<meta name=\"robots\" content=\"index, follow, max-snippet:-1, max-image-preview:large, max-video-preview:-1\" \/>\n<link rel=\"canonical\" href=\"https:\/\/aromea.eu\/at\/duftmarketing\/blog\/duft-lueftung-und-lichtschiene-eine-menage-a-trois\/\" \/>\n<meta property=\"og:locale\" content=\"de_DE\" \/>\n<meta property=\"og:type\" content=\"article\" \/>\n<meta property=\"og:title\" content=\"Duft, L\u00fcftung und Lichtschiene: Eine m\u00e9nage \u00e0 trois\" \/>\n<meta property=\"og:description\" content=\"Play hide and seek hei\u00dft es bei AROMEA Airdesign und flus verschwinden der AROMEA Pro, der AROMEA Flex und der AROMEA Power im Kasten, hinter der L\u00fcftung, in der Abstellkammer und sonst wo, sodass man sie weder sieht noch findet.\" \/>\n<meta property=\"og:url\" content=\"https:\/\/aromea.eu\/at\/duftmarketing\/blog\/duft-lueftung-und-lichtschiene-eine-menage-a-trois\/\" \/>\n<meta property=\"og:site_name\" content=\"Aromea\" \/>\n<meta property=\"article:published_time\" content=\"2020-09-09T09:28:35+00:00\" \/>\n<meta property=\"article:modified_time\" content=\"2020-09-14T13:14:38+00:00\" \/>\n<meta property=\"og:image\" content=\"https:\/\/aromea.eu\/at\/duftmarketing\/wp-content\/uploads\/Aromea_Lueftung.png\" \/>\n\t<meta property=\"og:image:width\" content=\"3508\" \/>\n\t<meta property=\"og:image:height\" content=\"2480\" \/>\n\t<meta property=\"og:image:type\" content=\"image\/png\" \/>\n<meta name=\"author\" content=\"Kristina Erhard\" \/>\n<meta name=\"twitter:card\" content=\"summary_large_image\" \/>\n<meta name=\"twitter:label1\" content=\"Verfasst von\" \/>\n\t<meta name=\"twitter:data1\" content=\"Kristina Erhard\" \/>\n\t<meta name=\"twitter:label2\" content=\"Gesch\u00e4tzte Lesezeit\" \/>\n\t<meta name=\"twitter:data2\" content=\"4\u00a0Minuten\" \/>\n<script type=\"application\/ld+json\" class=\"yoast-schema-graph\">{\"@context\":\"https:\/\/schema.org\",\"@graph\":[{\"@type\":\"WebPage\",\"@id\":\"https:\/\/aromea.eu\/at\/duftmarketing\/blog\/duft-lueftung-und-lichtschiene-eine-menage-a-trois\/\",\"url\":\"https:\/\/aromea.eu\/at\/duftmarketing\/blog\/duft-lueftung-und-lichtschiene-eine-menage-a-trois\/\",\"name\":\"Duft, L\u00fcftung und Lichtschiene: Eine m\u00e9nage \u00e0 trois\",\"isPartOf\":{\"@id\":\"https:\/\/aromea.eu\/at\/duftmarketing\/#website\"},\"datePublished\":\"2020-09-09T09:28:35+00:00\",\"dateModified\":\"2020-09-14T13:14:38+00:00\",\"author\":{\"@id\":\"https:\/\/aromea.eu\/at\/duftmarketing\/#\/schema\/person\/aaef86dad639ed44ee9515f1dc1f26be\"},\"description\":\"Play hide and seek hei\u00dft es bei AROMEA Airdesign und flus verschwinden der AROMEA Pro, der AROMEA Flex und der AROMEA Power im Kasten, hinter der L\u00fcftung, in der Abstellkammer und sonst wo, sodass man sie weder sieht noch findet.\",\"inLanguage\":\"de\",\"potentialAction\":[{\"@type\":\"ReadAction\",\"target\":[\"https:\/\/aromea.eu\/at\/duftmarketing\/blog\/duft-lueftung-und-lichtschiene-eine-menage-a-trois\/\"]}]},{\"@type\":\"WebSite\",\"@id\":\"https:\/\/aromea.eu\/at\/duftmarketing\/#website\",\"url\":\"https:\/\/aromea.eu\/at\/duftmarketing\/\",\"name\":\"Aromea\",\"description\":\"Airdesign\",\"potentialAction\":[{\"@type\":\"SearchAction\",\"target\":{\"@type\":\"EntryPoint\",\"urlTemplate\":\"https:\/\/aromea.eu\/at\/duftmarketing\/?s={search_term_string}\"},\"query-input\":\"required name=search_term_string\"}],\"inLanguage\":\"de\"},{\"@type\":\"Person\",\"@id\":\"https:\/\/aromea.eu\/at\/duftmarketing\/#\/schema\/person\/aaef86dad639ed44ee9515f1dc1f26be\",\"name\":\"Kristina Erhard\",\"image\":{\"@type\":\"ImageObject\",\"inLanguage\":\"de\",\"@id\":\"https:\/\/aromea.eu\/at\/duftmarketing\/#\/schema\/person\/image\/\",\"url\":\"https:\/\/secure.gravatar.com\/avatar\/970c8f1128d26f2e7a93f05cea4cd4a9934e5fb0a5870459e46105dba5349eec?s=96&d=mm&r=g\",\"contentUrl\":\"https:\/\/secure.gravatar.com\/avatar\/970c8f1128d26f2e7a93f05cea4cd4a9934e5fb0a5870459e46105dba5349eec?s=96&d=mm&r=g\",\"caption\":\"Kristina Erhard\"}}]}<\/script>\n<!-- \/ Yoast SEO plugin. -->","yoast_head_json":{"title":"Duft, L\u00fcftung und Lichtschiene: Eine m\u00e9nage \u00e0 trois","description":"Play hide and seek hei\u00dft es bei AROMEA Airdesign und flus verschwinden der AROMEA Pro, der AROMEA Flex und der AROMEA Power im Kasten, hinter der L\u00fcftung, in der Abstellkammer und sonst wo, sodass man sie weder sieht noch findet.","robots":{"index":"index","follow":"follow","max-snippet":"max-snippet:-1","max-image-preview":"max-image-preview:large","max-video-preview":"max-video-preview:-1"},"canonical":"https:\/\/aromea.eu\/at\/duftmarketing\/blog\/duft-lueftung-und-lichtschiene-eine-menage-a-trois\/","og_locale":"de_DE","og_type":"article","og_title":"Duft, L\u00fcftung und Lichtschiene: Eine m\u00e9nage \u00e0 trois","og_description":"Play hide and seek hei\u00dft es bei AROMEA Airdesign und flus verschwinden der AROMEA Pro, der AROMEA Flex und der AROMEA Power im Kasten, hinter der L\u00fcftung, in der Abstellkammer und sonst wo, sodass man sie weder sieht noch findet.","og_url":"https:\/\/aromea.eu\/at\/duftmarketing\/blog\/duft-lueftung-und-lichtschiene-eine-menage-a-trois\/","og_site_name":"Aromea","article_published_time":"2020-09-09T09:28:35+00:00","article_modified_time":"2020-09-14T13:14:38+00:00","og_image":[{"width":3508,"height":2480,"url":"https:\/\/aromea.eu\/at\/duftmarketing\/wp-content\/uploads\/Aromea_Lueftung.png","type":"image\/png"}],"author":"Kristina Erhard","twitter_card":"summary_large_image","twitter_misc":{"Verfasst von":"Kristina Erhard","Gesch\u00e4tzte Lesezeit":"4\u00a0Minuten"},"schema":{"@context":"https:\/\/schema.org","@graph":[{"@type":"WebPage","@id":"https:\/\/aromea.eu\/at\/duftmarketing\/blog\/duft-lueftung-und-lichtschiene-eine-menage-a-trois\/","url":"https:\/\/aromea.eu\/at\/duftmarketing\/blog\/duft-lueftung-und-lichtschiene-eine-menage-a-trois\/","name":"Duft, L\u00fcftung und Lichtschiene: Eine m\u00e9nage \u00e0 trois","isPartOf":{"@id":"https:\/\/aromea.eu\/at\/duftmarketing\/#website"},"datePublished":"2020-09-09T09:28:35+00:00","dateModified":"2020-09-14T13:14:38+00:00","author":{"@id":"https:\/\/aromea.eu\/at\/duftmarketing\/#\/schema\/person\/aaef86dad639ed44ee9515f1dc1f26be"},"description":"Play hide and seek hei\u00dft es bei AROMEA Airdesign und flus verschwinden der AROMEA Pro, der AROMEA Flex und der AROMEA Power im Kasten, hinter der L\u00fcftung, in der Abstellkammer und sonst wo, sodass man sie weder sieht noch findet.","inLanguage":"de","potentialAction":[{"@type":"ReadAction","target":["https:\/\/aromea.eu\/at\/duftmarketing\/blog\/duft-lueftung-und-lichtschiene-eine-menage-a-trois\/"]}]},{"@type":"WebSite","@id":"https:\/\/aromea.eu\/at\/duftmarketing\/#website","url":"https:\/\/aromea.eu\/at\/duftmarketing\/","name":"Aromea","description":"Airdesign","potentialAction":[{"@type":"SearchAction","target":{"@type":"EntryPoint","urlTemplate":"https:\/\/aromea.eu\/at\/duftmarketing\/?s={search_term_string}"},"query-input":"required name=search_term_string"}],"inLanguage":"de"},{"@type":"Person","@id":"https:\/\/aromea.eu\/at\/duftmarketing\/#\/schema\/person\/aaef86dad639ed44ee9515f1dc1f26be","name":"Kristina Erhard","image":{"@type":"ImageObject","inLanguage":"de","@id":"https:\/\/aromea.eu\/at\/duftmarketing\/#\/schema\/person\/image\/","url":"https:\/\/secure.gravatar.com\/avatar\/970c8f1128d26f2e7a93f05cea4cd4a9934e5fb0a5870459e46105dba5349eec?s=96&d=mm&r=g","contentUrl":"https:\/\/secure.gravatar.com\/avatar\/970c8f1128d26f2e7a93f05cea4cd4a9934e5fb0a5870459e46105dba5349eec?s=96&d=mm&r=g","caption":"Kristina Erhard"}}]}},"_links":{"self":[{"href":"https:\/\/aromea.eu\/at\/duftmarketing\/wp-json\/wp\/v2\/posts\/4176","targetHints":{"allow":["GET"]}}],"collection":[{"href":"https:\/\/aromea.eu\/at\/duftmarketing\/wp-json\/wp\/v2\/posts"}],"about":[{"href":"https:\/\/aromea.eu\/at\/duftmarketing\/wp-json\/wp\/v2\/types\/post"}],"author":[{"embeddable":true,"href":"https:\/\/aromea.eu\/at\/duftmarketing\/wp-json\/wp\/v2\/users\/4"}],"replies":[{"embeddable":true,"href":"https:\/\/aromea.eu\/at\/duftmarketing\/wp-json\/wp\/v2\/comments?post=4176"}],"version-history":[{"count":0,"href":"https:\/\/aromea.eu\/at\/duftmarketing\/wp-json\/wp\/v2\/posts\/4176\/revisions"}],"wp:featuredmedia":[{"embeddable":true,"href":"https:\/\/aromea.eu\/at\/duftmarketing\/wp-json\/wp\/v2\/media\/4177"}],"wp:attachment":[{"href":"https:\/\/aromea.eu\/at\/duftmarketing\/wp-json\/wp\/v2\/media?parent=4176"}],"wp:term":[{"taxonomy":"category","embeddable":true,"href":"https:\/\/aromea.eu\/at\/duftmarketing\/wp-json\/wp\/v2\/categories?post=4176"},{"taxonomy":"post_tag","embeddable":true,"href":"https:\/\/aromea.eu\/at\/duftmarketing\/wp-json\/wp\/v2\/tags?post=4176"}],"curies":[{"name":"wp","href":"https:\/\/api.w.org\/{rel}","templated":true}]}}