{"id":37017,"date":"2026-04-01T09:00:56","date_gmt":"2026-04-01T07:00:56","guid":{"rendered":"https:\/\/aromea.eu\/at\/duftmarketing\/?p=37017"},"modified":"2026-03-25T09:57:47","modified_gmt":"2026-03-25T08:57:47","slug":"wo-duft-die-seele-beruehrt-das-seeleiten-lake-spa-hotel","status":"publish","type":"post","link":"https:\/\/aromea.eu\/at\/duftmarketing\/blog\/wo-duft-die-seele-beruehrt-das-seeleiten-lake-spa-hotel\/","title":{"rendered":"Wo Duft die Seele ber\u00fchrt: Das SEELEITEN Lake Spa Hotel"},"content":{"rendered":"<div class=\"wpb-content-wrapper\"><p>[vc_row css=&#8221;.vc_custom_1533803755721{padding-bottom: 65px !important;}&#8221;][vc_column css=&#8221;.vc_custom_1533741223367{padding-right: 200px !important;padding-left: 200px !important;}&#8221; el_class=&#8221;single-blog-content&#8221;][vc_column_text]Manchmal gibt es Orte, die mehr sind als nur ein Reiseziel. Das <a href=\"https:\/\/www.seeleiten.it\/\">SEELEITEN Lake Spa Hotel<\/a> in Kaltern am Kalterer See ist genauso ein Ort. Eingebettet in die S\u00fcdtiroler Weinlandschaft verbindet es seit \u00fcber 40 Jahren Eleganz mit echter Herzlichkeit \u2013 und schafft Momente, die lange bleiben.<\/p>\n<p>Das familiengef\u00fchrte 5-Sterne-Hotel, geleitet von Daniel und Dominic Moser, steht f\u00fcr Leichtigkeit und Dolce Vita. Auf rund 3.600 m\u00b2 l\u00e4dt eine gro\u00dfz\u00fcgige Wellnesswelt zum Entspannen ein, dazu kommen exklusive Seezug\u00e4nge direkt ins tiefblaue Wasser des Kalterer Sees. Ein vielseitiges Angebot aus Kryotherapie, Longevity, Fitness, Sauna und genussvollen Momenten macht den Aufenthalt zu einem ganzheitlichen Erlebnis.<\/p>\n<p>Auch kulinarisch setzt das SEELEITEN besondere Akzente: von lokalen Spezialit\u00e4ten \u00fcber mediterrane Delikatessen bis hin zu s\u00fc\u00dfen Verf\u00fchrungen \u2013 erg\u00e4nzt durch das hauseigene Mendelbier und das Weingut Moser. Letzteres wird vom erfahrenen Kellermeister Gerhard Sanin geleitet und hat der Familie einen langgehegten Traum erf\u00fcllt. Jeder Schluck wird hier zu einem kleinen Meisterwerk.<\/p>\n<p>Die Auszeichnung mit zwei Michelin-Schl\u00fcsseln in 2024 und 2025 unterstreicht zus\u00e4tzlich den hohen Anspruch und die au\u00dfergew\u00f6hnliche Qualit\u00e4t des Hauses.<\/p>\n<p>Doch das wahre Herzst\u00fcck ist nicht messbar: Es sind die Menschen, die dieses Hotel pr\u00e4gen. Familie, Geschichte und Authentizit\u00e4t. Mitarbeitende und G\u00e4ste begegnen sich hier auf Augenh\u00f6he \u2013 und genau daraus entstehen diese besonderen Gl\u00fccksmomente, die man mit nach Hause nimmt.<\/p>\n<p>Einen entscheidenden Beitrag zur Atmosph\u00e4re leistet auch <a href=\"https:\/\/aromea.eu\/at\/duftmarketing\/\">AROMEA Airdesign<\/a>. Mit feinen Duftkonzepten entstehen R\u00e4ume, die Ruhe, Entspannung und Wohlbefinden sp\u00fcrbar machen. So wird der Aufenthalt im SEELEITEN nicht nur zu einer Auszeit, sondern zu einem Gef\u00fchl von Ankommen \u2013 fast wie zuhause, nur noch sch\u00f6ner. Wir haben mit Marketingexpertin Lena Rainer \u00fcber Duftmarketing und die Seele des SEELEITEN gesprochen.[\/vc_column_text][vc_single_image image=&#8221;37020&#8243; img_size=&#8221;large&#8221; alignment=&#8221;center&#8221;][vc_column_text]<\/p>\n<h4><strong>Beschreiben Sie das SEELEITEN Lake Spa Hotel in vier Worten.\u00a0<\/strong><\/h4>\n<p><strong><em>Lena Rainer:<\/em><\/strong> Lake Lifestyle,\u00a0Leichtigkeit,\u00a0Wohlf\u00fchloase mit allen Sinnen und\u00a0Herzlichkeit.<\/p>\n<p>&nbsp;<\/p>\n<h4><strong>Was macht das 5-Sterne-Hotel am Kalterer See in S\u00fcdtirol so besonders und einzigartig?<\/strong><\/h4>\n<p><strong><em>Lena Rainer:<\/em><\/strong> Kurz gesagt: Die besondere Kombination aus mediterranem Lebensgef\u00fchl und alpiner Natur. Unser Haus liegt nur wenige Schritte vom Kalterer See entfernt \u2013 umgeben von Weinbergen, Palmen und einer der sonnigsten Regionen S\u00fcdtirols.\u00a0Viele G\u00e4ste sagen, dass es sich bei uns anf\u00fchlt wie \u201eUrlaub im S\u00fcden \u2013 mitten in den Alpen\u201c.\u00a0Ein Highlight\u00a0ist\u00a0sicher unser privater\u00a0Seezugang mit dem Lake House sowie unsere gro\u00dfz\u00fcgige Wellnesswelt mit rund 3.600m\u00b2.\u00a0Aber gleichzeitig ist das SEELEITEN kein riesiges Hotel \u2013 sondern \u00fcberschaubar und pers\u00f6nlich, was viele G\u00e4ste sehr sch\u00e4tzen.<\/p>\n<p>Ein wichtiger Punkt ist auch unser Team: Wir arbeiten hier wie eine gro\u00dfe Familie. Diese Leichtigkeit und Herzlichkeit sp\u00fcren auch unsere G\u00e4ste \u2013 und genau diese Atmosph\u00e4re macht das SEELEITEN so besonders.<\/p>\n<p>Nachhaltigkeit und Longevity spielen bei uns ebenfalls eine wichtige Rolle \u2013 sowohl in unserer t\u00e4glichen Arbeit im Hotel als auch in unserem Spa- und Gesundheitsangebot, das auf langfristiges Wohlbefinden ausgerichtet ist.[\/vc_column_text][vc_single_image image=&#8221;37024&#8243; img_size=&#8221;large&#8221; alignment=&#8221;center&#8221;][vc_column_text]<\/p>\n<h4><strong>Seit \u00fcber 40 Jahren besteht das SEELEITEN \u2013 erz\u00e4hlen Sie uns etwas \u00fcber die Familie, die Gr\u00fcndungsgeschichte und die Entwicklung des Hauses.<\/strong><\/h4>\n<p><strong><em>Lena Rainer:<\/em><\/strong> Das SEELEITEN ist ein familiengef\u00fchrtes Hotel und wurde von der Familie Moser aufgebaut.\u00a0Was urspr\u00fcnglich als kleiner Betrieb begonnen hat, wurde \u00fcber viele Jahre mit viel Leidenschaft weiterentwickelt.\u00a0Heute ist daraus ein 5-Sterne-Hotel entstanden, das dennoch seine famili\u00e4re Seele behalten hat.\u00a0Daniel und Dominic Moser \u2013 die n\u00e4chste Generation \u2013 f\u00fchrt das Haus heute weiter. Beide bringen neue Ideen ein, bleiben aber den Werten der Familie treu.\u00a0F\u00fcr uns war es immer wichtig, das Hotel Schritt f\u00fcr Schritt weiterzuentwickeln, ohne dabei die pers\u00f6nliche Atmosph\u00e4re zu verlieren.<\/p>\n<p>&nbsp;<\/p>\n<h4><strong>Der Fr\u00fchling steht vor der T\u00fcr: Welche Angebote oder besonderen Erlebnisse empfehlen Sie Ihren G\u00e4sten speziell zum Jahreszeitenwechsel?<\/strong><\/h4>\n<p><strong><em>Lena Rainer:<\/em><\/strong> Der Fr\u00fchling am Kalterer See ist etwas ganz Besonderes. Die Natur erwacht, die Weinberge werden wieder gr\u00fcn und die Temperaturen sind oft schon sehr angenehm.<\/p>\n<p>Besonders beliebt sind in dieser Zeit Aktivit\u00e4ten wie: Radfahren entlang der S\u00fcdtiroler Weinstra\u00dfe,\u00a0Wanderungen durch das Fr\u00fchlingstal\u00a0und rund ums SEELEITEN,\u00a0erste entspannte Stunden direkt am See. Unser privates Seegrundst\u00fcck wird wieder zu einem beliebten Treffpunkt \u2013 zum Sonnen, f\u00fcr eine kleine Auszeit am Wasser oder f\u00fcr Wassersport. SUP, Yoga am See, Kitesurfen und vieles mehr bietet sich hervorragend an. Viele G\u00e4ste verbinden den aktiven Teil des Tages anschlie\u00dfend gerne mit Entspannung in unserer Spa-Welt. Und nat\u00fcrlich darf ein Glas Wein von unserem eigenen Weingut Moser nicht fehlen \u2013 entweder auf unserer Piazzetta im Hotel oder direkt im Garten unseres Weinguts.[\/vc_column_text][vc_single_image image=&#8221;37026&#8243; img_size=&#8221;large&#8221; alignment=&#8221;center&#8221;][vc_column_text]<\/p>\n<h4><strong>Warum sollte man das SEELEITEN Lake Spa Hotel unbedingt selbst erleben? Was bleibt Ihren G\u00e4sten nachhaltig in Erinnerung?\u00a0<\/strong><\/h4>\n<p><strong><em>Lena Rainer:<\/em><\/strong> Viele G\u00e4ste erz\u00e4hlen uns, dass sie schon bei der Ankunft eine besondere Ruhe sp\u00fcren.\u00a0Unser Hotel ist bewusst nicht riesig \u2013 dadurch ist alles sehr \u00fcbersichtlich und man findet sich sofort zurecht. Das vermittelt schnell ein Gef\u00fchl von \u201enach Hause kommen\u201c.<\/p>\n<p>Was G\u00e4ste besonders oft erw\u00e4hnen, ist die Atmosph\u00e4re im Haus: unser Team arbeitet wie eine gro\u00dfe Familie, und genau dieses Gef\u00fchl geben wir auch an unsere G\u00e4ste weiter.\u00a0Auch unsere Gastgeber Daniel und Dominic Moser leben diese lockere, herzliche Art vor.\u00a0Wir sind zwar ein 5-Sterne-Haus, aber wir versuchen dabei immer authentisch zu bleiben und uns nicht zu verstellen.<\/p>\n<p>Diese Mischung aus Natur, Genuss, Wellness und echter Herzlichkeit bleibt vielen G\u00e4sten\u00a0wohl\u00a0besonders in Erinnerung.<\/p>\n<p>&nbsp;<\/p>\n<h4><strong>Warum haben Sie sich bewusst f\u00fcr Duftmarketing entschieden \u2013 und wie unterstreichen diese Scents die Atmosph\u00e4re Ihres Hauses?<\/strong><\/h4>\n<p><strong><em>Lena Rainer:<\/em><\/strong>\u00a0 F\u00fcr uns spielen im Hotel alle Sinne eine wichtige Rolle \u2013 nicht nur Sehen und Schmecken, sondern auch Riechen.\u00a0D\u00fcfte k\u00f6nnen Erinnerungen und Emotionen sehr stark pr\u00e4gen.\u00a0Mit den Scents \u201eGolden Woods\u201c und \u201eDe-stress Mind\u201c wollten wir eine Atmosph\u00e4re schaffen, die Ruhe, Entspannung und Wohlbefinden vermittelt.\u00a0Uns war wichtig, dass G\u00e4ste beim Betreten des Hotels sofort diesen besonderen Duft wahrnehmen und ihn mit dem SEELEITEN verbinden.\u00a0Idealerweise entsteht dabei sogar ein kleines Wiedererkennungsgef\u00fchl: Man riecht den Duft \u2013 und denkt sofort an den Aufenthalt bei uns.<\/p>\n<p>So m\u00f6chten wir nicht nur Erinnerungen an sch\u00f6ne Urlaubstage schaffen, sondern das G\u00e4steerlebnis auch \u00fcber die Sinne noch intensiver machen.<\/p>\n<p>&nbsp;<\/p>\n<h4><strong>Welche R\u00fcckmeldungen erhalten Sie von Ihren G\u00e4sten zum Duftambiente im Hotel?\u00a0<\/strong><\/h4>\n<p><strong><em>Lena Rainer:<\/em><\/strong> Viele G\u00e4ste nehmen den Duft zun\u00e4chst gar nicht bewusst wahr \u2013 und genau das ist eigentlich das Ziel.\u00a0H\u00e4ufig h\u00f6ren wir aber, dass sich das Haus besonders angenehm und beruhigend anf\u00fchlt. Manche G\u00e4ste sprechen uns sogar direkt auf den Duft an oder fragen danach, weil sie ihn mit ihrem Aufenthalt im SEELEITEN verbinden\u00a0und es einfach gut duftet. Das zeigt uns, dass ein stimmiges Duftkonzept tats\u00e4chlich zur Atmosph\u00e4re eines Hauses beitragen kann.[\/vc_column_text][vc_single_image image=&#8221;37022&#8243; img_size=&#8221;large&#8221; alignment=&#8221;center&#8221;][vc_column_text]<\/p>\n<h4><strong>Hand aufs Hotelier-Herz: Was bedeutet Gastfreundschaft f\u00fcr Sie pers\u00f6nlich \u2013 und wie leben Sie diese t\u00e4glich im SEELEITEN Lake Spa Hotel?<\/strong><\/h4>\n<p><strong><em>Lena Rainer:<\/em><\/strong> F\u00fcr uns bedeutet Gastfreundschaft vor allem, dass sich G\u00e4ste bei uns willkommen und gut aufgehoben f\u00fchlen.\u00a0Es geht\u00a0uns\u00a0nicht nur um perfekten Service, sondern um echte Herzlichkeit.\u00a0Unser Team versucht jeden Tag aufmerksam zu sein, W\u00fcnsche zu erkennen und kleine besondere Momente zu schaffen.\u00a0Wenn G\u00e4ste am Ende ihres Aufenthalts sagen, dass sie sich \u201ewie zuhause \u2013 nur noch ein bisschen sch\u00f6ner\u201c gef\u00fchlt haben, dann ist das f\u00fcr uns das sch\u00f6nste Kompliment.[\/vc_column_text][vc_column_text css=&#8221;.vc_custom_1774428467198{margin-top: 40px !important;}&#8221; el_class=&#8221;blog-quote-source&#8221;]<em>Fotos: Klaus Peterlin<\/em>[\/vc_column_text][\/vc_column][\/vc_row][vc_section css=&#8221;.vc_custom_1533803745803{padding-top: 65px !important;padding-bottom: 65px !important;}&#8221;][vc_row el_class=&#8221;blog-quote&#8221;][vc_column width=&#8221;1\/2&#8243; el_class=&#8221;blog-quote-image&#8221;][vc_single_image image=&#8221;37028&#8243; img_size=&#8221;1080&#215;1080&#8243;][\/vc_column][vc_column width=&#8221;1\/2&#8243; css=&#8221;.vc_custom_1535714109309{padding-top: 40px !important;padding-left: 130px !important;}&#8221; el_class=&#8221;blog-quote-text&#8221;][vc_custom_heading text=&#8221;\u201eManche G\u00e4ste sprechen uns direkt auf den Duft an und fragen danach, weil sie ihn mit ihrem Aufenthalt im SEELEITEN verbinden. Das zeigt uns, dass ein stimmiges Duftkonzept tats\u00e4chlich zur Atmosph\u00e4re eines Hauses beitragen kann.\u201c&#8221; font_container=&#8221;tag:p|font_size:35px|text_align:left|color:%23000000|line_height:46px&#8221; use_theme_fonts=&#8221;yes&#8221;][vc_column_text css=&#8221;.vc_custom_1774428511706{margin-top: 40px !important;}&#8221; el_class=&#8221;blog-quote-source&#8221;]<em>Lena Rainer<\/em>[\/vc_column_text][\/vc_column][\/vc_row][\/vc_section]<\/p>\n<\/div>","protected":false},"excerpt":{"rendered":"<p>[vc_row css=&#8221;.vc_custom_1533803755721{padding-bottom: 65px !important;}&#8221;][vc_column css=&#8221;.vc_custom_1533741223367{padding-right: 200px !important;padding-left: 200px !important;}&#8221; el_class=&#8221;single-blog-content&#8221;][vc_column_text]Manchmal gibt es Orte, die mehr sind als nur ein Reiseziel. Das SEELEITEN Lake Spa Hotel in<span class=\"excerpt-hellip\"> [\u2026]<\/span><\/p>\n","protected":false},"author":4,"featured_media":37018,"comment_status":"closed","ping_status":"open","sticky":false,"template":"","format":"standard","meta":{"_acf_changed":false,"inline_featured_image":false,"footnotes":""},"categories":[32,345,31],"tags":[47,67,418,545,30,551,552,476,550,546,484,488],"class_list":["post-37017","post","type-post","status-publish","format-standard","has-post-thumbnail","hentry","category-airdesign","category-lifestyle","category-world-of-aromea","tag-airdesign","tag-aromea","tag-duft","tag-duft-und-drink","tag-duftmarketing","tag-kalterer-see","tag-kaltern","tag-scent","tag-seeleiten-lake-spa-hotel","tag-sinne","tag-suedtirol","tag-wohlbefinden"],"acf":[],"yoast_head":"<!-- This site is optimized with the Yoast SEO plugin v21.8.1 - https:\/\/yoast.com\/wordpress\/plugins\/seo\/ -->\n<title>Wo Duft die Seele ber\u00fchrt: Das SEELEITEN Lake Spa Hotel<\/title>\n<meta name=\"description\" content=\"Manchmal gibt es Orte, die mehr sind als nur ein Reiseziel. Das SEELEITEN Lake Spa Hotel in Kaltern am Kalterer See ist genauso ein Ort. Eingebettet in die S\u00fcdtiroler Weinlandschaft verbindet es seit \u00fcber 40 Jahren Eleganz mit echter Herzlichkeit.\" \/>\n<meta name=\"robots\" content=\"index, follow, max-snippet:-1, max-image-preview:large, max-video-preview:-1\" \/>\n<link rel=\"canonical\" href=\"https:\/\/aromea.eu\/at\/duftmarketing\/blog\/wo-duft-die-seele-beruehrt-das-seeleiten-lake-spa-hotel\/\" \/>\n<meta property=\"og:locale\" content=\"de_DE\" \/>\n<meta property=\"og:type\" content=\"article\" \/>\n<meta property=\"og:title\" content=\"Wo Duft die Seele ber\u00fchrt: Das SEELEITEN Lake Spa Hotel\" \/>\n<meta property=\"og:description\" content=\"Manchmal gibt es Orte, die mehr sind als nur ein Reiseziel. Das SEELEITEN Lake Spa Hotel in Kaltern am Kalterer See ist genauso ein Ort. Eingebettet in die S\u00fcdtiroler Weinlandschaft verbindet es seit \u00fcber 40 Jahren Eleganz mit echter Herzlichkeit.\" \/>\n<meta property=\"og:url\" content=\"https:\/\/aromea.eu\/at\/duftmarketing\/blog\/wo-duft-die-seele-beruehrt-das-seeleiten-lake-spa-hotel\/\" \/>\n<meta property=\"og:site_name\" content=\"Aromea\" \/>\n<meta property=\"article:published_time\" content=\"2026-04-01T07:00:56+00:00\" \/>\n<meta property=\"article:modified_time\" content=\"2026-03-25T08:57:47+00:00\" \/>\n<meta property=\"og:image\" content=\"https:\/\/aromea.eu\/at\/duftmarketing\/wp-content\/uploads\/1-6.png\" \/>\n\t<meta property=\"og:image:width\" content=\"1200\" \/>\n\t<meta property=\"og:image:height\" content=\"800\" \/>\n\t<meta property=\"og:image:type\" content=\"image\/png\" \/>\n<meta name=\"author\" content=\"Kristina Erhard\" \/>\n<meta name=\"twitter:card\" content=\"summary_large_image\" \/>\n<meta name=\"twitter:label1\" content=\"Verfasst von\" \/>\n\t<meta name=\"twitter:data1\" content=\"Kristina Erhard\" \/>\n\t<meta name=\"twitter:label2\" content=\"Gesch\u00e4tzte Lesezeit\" \/>\n\t<meta name=\"twitter:data2\" content=\"8\u00a0Minuten\" \/>\n<script type=\"application\/ld+json\" class=\"yoast-schema-graph\">{\"@context\":\"https:\/\/schema.org\",\"@graph\":[{\"@type\":\"WebPage\",\"@id\":\"https:\/\/aromea.eu\/at\/duftmarketing\/blog\/wo-duft-die-seele-beruehrt-das-seeleiten-lake-spa-hotel\/\",\"url\":\"https:\/\/aromea.eu\/at\/duftmarketing\/blog\/wo-duft-die-seele-beruehrt-das-seeleiten-lake-spa-hotel\/\",\"name\":\"Wo Duft die Seele ber\u00fchrt: Das SEELEITEN Lake Spa Hotel\",\"isPartOf\":{\"@id\":\"https:\/\/aromea.eu\/at\/duftmarketing\/#website\"},\"datePublished\":\"2026-04-01T07:00:56+00:00\",\"dateModified\":\"2026-03-25T08:57:47+00:00\",\"author\":{\"@id\":\"https:\/\/aromea.eu\/at\/duftmarketing\/#\/schema\/person\/aaef86dad639ed44ee9515f1dc1f26be\"},\"description\":\"Manchmal gibt es Orte, die mehr sind als nur ein Reiseziel. Das SEELEITEN Lake Spa Hotel in Kaltern am Kalterer See ist genauso ein Ort. Eingebettet in die S\u00fcdtiroler Weinlandschaft verbindet es seit \u00fcber 40 Jahren Eleganz mit echter Herzlichkeit.\",\"inLanguage\":\"de\",\"potentialAction\":[{\"@type\":\"ReadAction\",\"target\":[\"https:\/\/aromea.eu\/at\/duftmarketing\/blog\/wo-duft-die-seele-beruehrt-das-seeleiten-lake-spa-hotel\/\"]}]},{\"@type\":\"WebSite\",\"@id\":\"https:\/\/aromea.eu\/at\/duftmarketing\/#website\",\"url\":\"https:\/\/aromea.eu\/at\/duftmarketing\/\",\"name\":\"Aromea\",\"description\":\"Airdesign\",\"potentialAction\":[{\"@type\":\"SearchAction\",\"target\":{\"@type\":\"EntryPoint\",\"urlTemplate\":\"https:\/\/aromea.eu\/at\/duftmarketing\/?s={search_term_string}\"},\"query-input\":\"required name=search_term_string\"}],\"inLanguage\":\"de\"},{\"@type\":\"Person\",\"@id\":\"https:\/\/aromea.eu\/at\/duftmarketing\/#\/schema\/person\/aaef86dad639ed44ee9515f1dc1f26be\",\"name\":\"Kristina Erhard\",\"image\":{\"@type\":\"ImageObject\",\"inLanguage\":\"de\",\"@id\":\"https:\/\/aromea.eu\/at\/duftmarketing\/#\/schema\/person\/image\/\",\"url\":\"https:\/\/secure.gravatar.com\/avatar\/970c8f1128d26f2e7a93f05cea4cd4a9934e5fb0a5870459e46105dba5349eec?s=96&d=mm&r=g\",\"contentUrl\":\"https:\/\/secure.gravatar.com\/avatar\/970c8f1128d26f2e7a93f05cea4cd4a9934e5fb0a5870459e46105dba5349eec?s=96&d=mm&r=g\",\"caption\":\"Kristina Erhard\"}}]}<\/script>\n<!-- \/ Yoast SEO plugin. -->","yoast_head_json":{"title":"Wo Duft die Seele ber\u00fchrt: Das SEELEITEN Lake Spa Hotel","description":"Manchmal gibt es Orte, die mehr sind als nur ein Reiseziel. Das SEELEITEN Lake Spa Hotel in Kaltern am Kalterer See ist genauso ein Ort. Eingebettet in die S\u00fcdtiroler Weinlandschaft verbindet es seit \u00fcber 40 Jahren Eleganz mit echter Herzlichkeit.","robots":{"index":"index","follow":"follow","max-snippet":"max-snippet:-1","max-image-preview":"max-image-preview:large","max-video-preview":"max-video-preview:-1"},"canonical":"https:\/\/aromea.eu\/at\/duftmarketing\/blog\/wo-duft-die-seele-beruehrt-das-seeleiten-lake-spa-hotel\/","og_locale":"de_DE","og_type":"article","og_title":"Wo Duft die Seele ber\u00fchrt: Das SEELEITEN Lake Spa Hotel","og_description":"Manchmal gibt es Orte, die mehr sind als nur ein Reiseziel. Das SEELEITEN Lake Spa Hotel in Kaltern am Kalterer See ist genauso ein Ort. Eingebettet in die S\u00fcdtiroler Weinlandschaft verbindet es seit \u00fcber 40 Jahren Eleganz mit echter Herzlichkeit.","og_url":"https:\/\/aromea.eu\/at\/duftmarketing\/blog\/wo-duft-die-seele-beruehrt-das-seeleiten-lake-spa-hotel\/","og_site_name":"Aromea","article_published_time":"2026-04-01T07:00:56+00:00","article_modified_time":"2026-03-25T08:57:47+00:00","og_image":[{"width":1200,"height":800,"url":"https:\/\/aromea.eu\/at\/duftmarketing\/wp-content\/uploads\/1-6.png","type":"image\/png"}],"author":"Kristina Erhard","twitter_card":"summary_large_image","twitter_misc":{"Verfasst von":"Kristina Erhard","Gesch\u00e4tzte Lesezeit":"8\u00a0Minuten"},"schema":{"@context":"https:\/\/schema.org","@graph":[{"@type":"WebPage","@id":"https:\/\/aromea.eu\/at\/duftmarketing\/blog\/wo-duft-die-seele-beruehrt-das-seeleiten-lake-spa-hotel\/","url":"https:\/\/aromea.eu\/at\/duftmarketing\/blog\/wo-duft-die-seele-beruehrt-das-seeleiten-lake-spa-hotel\/","name":"Wo Duft die Seele ber\u00fchrt: Das SEELEITEN Lake Spa Hotel","isPartOf":{"@id":"https:\/\/aromea.eu\/at\/duftmarketing\/#website"},"datePublished":"2026-04-01T07:00:56+00:00","dateModified":"2026-03-25T08:57:47+00:00","author":{"@id":"https:\/\/aromea.eu\/at\/duftmarketing\/#\/schema\/person\/aaef86dad639ed44ee9515f1dc1f26be"},"description":"Manchmal gibt es Orte, die mehr sind als nur ein Reiseziel. Das SEELEITEN Lake Spa Hotel in Kaltern am Kalterer See ist genauso ein Ort. Eingebettet in die S\u00fcdtiroler Weinlandschaft verbindet es seit \u00fcber 40 Jahren Eleganz mit echter Herzlichkeit.","inLanguage":"de","potentialAction":[{"@type":"ReadAction","target":["https:\/\/aromea.eu\/at\/duftmarketing\/blog\/wo-duft-die-seele-beruehrt-das-seeleiten-lake-spa-hotel\/"]}]},{"@type":"WebSite","@id":"https:\/\/aromea.eu\/at\/duftmarketing\/#website","url":"https:\/\/aromea.eu\/at\/duftmarketing\/","name":"Aromea","description":"Airdesign","potentialAction":[{"@type":"SearchAction","target":{"@type":"EntryPoint","urlTemplate":"https:\/\/aromea.eu\/at\/duftmarketing\/?s={search_term_string}"},"query-input":"required name=search_term_string"}],"inLanguage":"de"},{"@type":"Person","@id":"https:\/\/aromea.eu\/at\/duftmarketing\/#\/schema\/person\/aaef86dad639ed44ee9515f1dc1f26be","name":"Kristina Erhard","image":{"@type":"ImageObject","inLanguage":"de","@id":"https:\/\/aromea.eu\/at\/duftmarketing\/#\/schema\/person\/image\/","url":"https:\/\/secure.gravatar.com\/avatar\/970c8f1128d26f2e7a93f05cea4cd4a9934e5fb0a5870459e46105dba5349eec?s=96&d=mm&r=g","contentUrl":"https:\/\/secure.gravatar.com\/avatar\/970c8f1128d26f2e7a93f05cea4cd4a9934e5fb0a5870459e46105dba5349eec?s=96&d=mm&r=g","caption":"Kristina Erhard"}}]}},"_links":{"self":[{"href":"https:\/\/aromea.eu\/at\/duftmarketing\/wp-json\/wp\/v2\/posts\/37017","targetHints":{"allow":["GET"]}}],"collection":[{"href":"https:\/\/aromea.eu\/at\/duftmarketing\/wp-json\/wp\/v2\/posts"}],"about":[{"href":"https:\/\/aromea.eu\/at\/duftmarketing\/wp-json\/wp\/v2\/types\/post"}],"author":[{"embeddable":true,"href":"https:\/\/aromea.eu\/at\/duftmarketing\/wp-json\/wp\/v2\/users\/4"}],"replies":[{"embeddable":true,"href":"https:\/\/aromea.eu\/at\/duftmarketing\/wp-json\/wp\/v2\/comments?post=37017"}],"version-history":[{"count":5,"href":"https:\/\/aromea.eu\/at\/duftmarketing\/wp-json\/wp\/v2\/posts\/37017\/revisions"}],"predecessor-version":[{"id":37032,"href":"https:\/\/aromea.eu\/at\/duftmarketing\/wp-json\/wp\/v2\/posts\/37017\/revisions\/37032"}],"wp:featuredmedia":[{"embeddable":true,"href":"https:\/\/aromea.eu\/at\/duftmarketing\/wp-json\/wp\/v2\/media\/37018"}],"wp:attachment":[{"href":"https:\/\/aromea.eu\/at\/duftmarketing\/wp-json\/wp\/v2\/media?parent=37017"}],"wp:term":[{"taxonomy":"category","embeddable":true,"href":"https:\/\/aromea.eu\/at\/duftmarketing\/wp-json\/wp\/v2\/categories?post=37017"},{"taxonomy":"post_tag","embeddable":true,"href":"https:\/\/aromea.eu\/at\/duftmarketing\/wp-json\/wp\/v2\/tags?post=37017"}],"curies":[{"name":"wp","href":"https:\/\/api.w.org\/{rel}","templated":true}]}}