{"id":1737,"date":"2019-04-14T10:30:57","date_gmt":"2019-04-14T08:30:57","guid":{"rendered":"https:\/\/aromea.eu\/at\/duftmarketing\/?p=1737"},"modified":"2020-06-09T16:32:07","modified_gmt":"2020-06-09T14:32:07","slug":"aromea-lueftung-wie-man-einen-duft-versteckt","status":"publish","type":"post","link":"https:\/\/aromea.eu\/at\/duftmarketing\/blog\/aromea-lueftung-wie-man-einen-duft-versteckt\/","title":{"rendered":"Aromea &#038; L\u00fcftung: Wie man einen Duft versteckt"},"content":{"rendered":"<div class=\"wpb-content-wrapper\"><p>[vc_row css=&#8221;.vc_custom_1533803755721{padding-bottom: 65px !important;}&#8221;][vc_column css=&#8221;.vc_custom_1533741223367{padding-right: 200px !important;padding-left: 200px !important;}&#8221; el_class=&#8221;single-blog-content&#8221;][vc_column_text]<\/p>\n<p class=\"p1\"><span class=\"s1\">Manchmal verliert man etwas und muss es suchen. Selten nat\u00fcrlich absichtlich. Manchmal versteckt man auch etwas und h\u00fctet dann das Geheimnis. Meistens ganz absichtlich. Auch zu Ostern versteckt und findet man ja bekanntlich gern bunt bemalte Ostereier. Eigentlich eine uralte Tradition mit heidnischem Ursprung, denn mit Ei-Geschenken wurde die <a href=\"https:\/\/de.wikipedia.org\/wiki\/Ostara\" target=\"_blank\" rel=\"noopener noreferrer\">Fr\u00fchlingsg\u00f6ttin Ostara<\/a> geehrt. Das fand die Kirche damals nicht so toll und die Eier werden seitdem heimlich verschenkt &#8211; und eben auch versteckt. Was das spannende Versteckspiel nun mit Luft und Duft zu tun hat? Ein kleines Betriebsgeheimnis, das die <a href=\"https:\/\/aromea.eu\/at\/duftmarketing\/aromea\/faces\/\" target=\"_blank\" rel=\"noopener noreferrer\">Chefnasen von Aromea<\/a>, zusammen mit den Luftspezialisten von <a href=\"http:\/\/www.lueftung-mayr.at\/\" target=\"_blank\" rel=\"noopener noreferrer\">L\u00fcftung Mayr<\/a>, hier und heute l\u00fcften wollen. Im Oster-Interview!<\/span><\/p>\n<h4 class=\"p1\"><span class=\"s1\">Passend zu Ostern sind wir einem besonderen Geheimnis auf der Spur: Dem versteckten Duft von Aromea. Was hat es damit denn nun genau auf sich?<\/span><\/h4>\n<p class=\"p1\"><span class=\"s1\"><strong>AROMEA<\/strong>\u00a0Bei einer Duftl\u00f6sung von Aromea bieten wir grunds\u00e4tzlich zwei M\u00f6glichkeiten der Beduftung: Ein lokales, autark arbeitendes Standger\u00e4t &#8211; wie unsere\u00a0<\/span><a href=\"https:\/\/aromea.eu\/at\/duftmarketing\/produkt\/aromea-n-1\/\" target=\"_blank\" rel=\"noopener noreferrer\">zeitlosen Dufts\u00e4ulen<\/a> und <a href=\"https:\/\/aromea.eu\/at\/duftmarketing\/produkt\/aromea-cube\/\" target=\"_blank\" rel=\"noopener noreferrer\">kompakten Nano-Ger\u00e4te<\/a> &#8211; oder aber die versteckte Variante via Installation im L\u00fcftungssystem. In Tirol blicken wir da beispielsweise auf eine langj\u00e4hrige Partnerschaft mit L\u00fcftung Mayr.<\/p>\n<p class=\"p1\"><span class=\"s1\"><strong>L\u00dcFTUNG MAYR<\/strong> Ganz genau. Wir bieten als L\u00fcftungsspezialist alle <a href=\"http:\/\/www.lueftung-mayr.at\/leistungen\/\" target=\"_blank\" rel=\"noopener noreferrer\">Leistungen<\/a> von der Installation bis zur Wartung von L\u00fcftungs- und Klimaanlagen. Gemeinsam mit Aromea setzten wir au\u00dferdem erfolgreich Duftkonzepte um, die eben versteckt via L\u00fcftung funktionieren. Da braucht es dann kein direkt sichtbares Standger\u00e4t, sondern man beduftet die Luft quasi gleich an der Quelle.<\/span><\/p>\n<h4 class=\"p1\"><span class=\"s1\">Ziemlich einfallsreich! Kann man mit so einem \u201cStealth-System\u201d nun jede L\u00fcftung bespielen oder gibt es besondere Voraussetzungen?<\/span><\/h4>\n<p class=\"p1\"><span class=\"s1\"><strong>L\u00dcFTUNG MAYR<\/strong> Ein \u201cDuft-Upgrade\u201d von Aromea ist einfach nachzur\u00fcsten und macht so den Einsatz in eigentlich allen g\u00e4ngigen Systemen m\u00f6glich. Die einzige Voraussetzung ist nat\u00fcrlich dass die L\u00fcftung auch ganzj\u00e4hrig in Betrieb ist.<\/span><\/p>\n<p class=\"p1\"><span class=\"s1\"><strong>AROMEA<\/strong> Wenn es beim Endkunden eine bestehende L\u00fcftungsanlage gibt, k\u00f6nnen wir von Aromea ein auf alle Anspr\u00fcche ma\u00dfgeschneidertes Service-Angebot legen. Aber auch schon bei Bau- und Planungsphasen arbeiten wir mit Partnern wie L\u00fcftung Mayr zusammen, um gemeinsam die optimale L\u00fcftungs-Logistik zu finden. Entsprechende Wartungklappen oder sogar eigene L\u00fcftungsstr\u00e4nge<span class=\"Apple-converted-space\">\u00a0 <\/span>(zur Beduftung ausgew\u00e4hlter Bereiche) k\u00f6nnen so schon im Vorfeld eingeplant werden.<\/span><\/p>\n<h4 class=\"p1\"><span class=\"s1\">Wie kann man sich so ein Aromea-Upgrade im L\u00fcftungssystem vorstellen, und wo wird der Aromea-Vernebler dann genau installiert? <\/span><\/h4>\n<p class=\"p1\"><span class=\"s1\"><strong>AROMEA<\/strong> Das kommt nat\u00fcrlich immer darauf an welche <a href=\"https:\/\/aromea.eu\/at\/duftmarketing\/aromea\/anwendungsbereiche-raumduft\/\" target=\"_blank\" rel=\"noopener noreferrer\">Bereiche<\/a> beim Kunden beduftet werden sollen und wie die L\u00fcftung genau arbeitet. Einfach zusammengefasst kann man entweder systemisch und lokal beduften &#8211; also zentral via L\u00fcftungssteuerung oder lokal<\/span>\u00a0\u00fcber einzelne L\u00fcftungsstr\u00e4nge (wenn entsprechende Wartungsklappen verf\u00fcgbar sind). So kann man dann\u00a0<span class=\"s1\">auch nur ausgew\u00e4hlte Areale atmosph\u00e4risch aufwerten: Wellnessbereich, Restaurant, Sanit\u00e4reinrichtungen und Fitnessfl\u00e4chen k\u00f6nnen, unter den richtigen logistischen Voraussetzungen, da zum Beispiel auch ganz unterschiedlich duften.<\/span><\/p>\n<p class=\"p1\"><span class=\"s1\"><strong>L\u00dcFTUNG MAYR<\/strong> Aus technischer Sicht kann man sich das L\u00fcftungssystem vielleicht so vorstellen wie das Adersystem im menschlichen K\u00f6rper: Das Herzst\u00fcck der L\u00fcftung ist die Regelmechanik &#8211; im Technikraum oder auch im Dachgeschoss. Wenn man dort gleich im zentralen L\u00fcftungskanal eine Aromea-Duftsonde installiert, versorgt das System auch alle bel\u00fcfteten Bereiche mit gleichm\u00e4\u00dfiger Beduftung (etwa mit einem <a href=\"https:\/\/aromea.eu\/at\/duftmarketing\/raumduefte\/individuelle-raumduftkonzepte-corporate-scent\/\" target=\"_blank\" rel=\"noopener noreferrer\">markenspezifischen Corporate Scent<\/a>). Alternativ kann man den Scentmaker aber auch nur in bestimmten Bereichen einsetzen (f\u00fcr ausgew\u00e4hltes \u201cAmbient-Airdesign\u201d) &#8211; entsprechende Wartungsklappen m\u00fcssen daf\u00fcr aber vorhanden sein. Bei einem Lokalaugenschein vor Ort kann man solche M\u00f6glichkeiten nat\u00fcrlich immer am besten er\u00f6rtern.<\/span><\/p>\n<h4 class=\"p1\"><span class=\"s1\">Wartungsfrage: Wie wird so ein Ger\u00e4t denn dann genau gesteuert und wie wechselt man<span class=\"Apple-converted-space\">\u00a0 <\/span>dort den Duft?<\/span><\/h4>\n<p class=\"p1\"><span class=\"s1\"><strong>AROMEA<\/strong> Das Ger\u00e4t wird nicht direkt in der L\u00fcftung verbaut, sondern beigestellt. Die Dufteinbringung erfolgt dann via Verneblersonde und <a href=\"https:\/\/aromea.eu\/at\/duftmarketing\/2018\/12\/04\/airq-by-aromea-im-feinen-nebel-der-gefuehle\/\" target=\"_blank\" rel=\"noopener noreferrer\">patentierter AirQ-Technologie<\/a>. Der ultraleichte \u201ctrockene\u201d Nano-Nebel verteilt sich \u00fcber die Sonde selbst\u00e4ndig und r\u00fcckstandsfrei im Luftstrom und sorgt \u00fcberall f\u00fcr optimale Duftverh\u00e4ltnisse. Die Duftkontrolle und -regelung erfolgt dann einfach am Ger\u00e4t im Technikraum. Auch der Duftwechsel ist dort nur ein Handgriff. Auf Wunsch bieten wir aber auch alle Serviceleistungen zum Duft als <a href=\"https:\/\/aromea.eu\/at\/duftmarketing\/duftgeraete-pakete\/\" target=\"_blank\" rel=\"noopener noreferrer\">ma\u00dfgeschneidertes Duftmarketing-Paket<\/a> an.<\/span><\/p>\n<p class=\"p1\"><span class=\"s1\"><strong>L\u00dcFTUNG MAYR<\/strong> Die Laufzeiten von L\u00fcftung und Scentmaker k\u00f6nnen mit Aromea \u00fcbrigens auch sehr sch\u00f6n aufeinander abgestimmt werden. Wenn also die L\u00fcftung nur zu bestimmten Zeiten l\u00e4uft, kann man auch den Duft genau dann einsetzen, wenn er gebraucht wird. Durch den Luftstrom der L\u00fcftung passiert die Beduftung \u00fcbrigens auch ausgesprochen effizient, sparsam und schnell. Bei Clubs, Sportevents, in Bars oder bei Konzerten &#8211; eigentlich bei allen \u201c<a href=\"https:\/\/aromea.eu\/at\/duftmarketing\/2018\/12\/28\/aromea-und-die-aufregenden-duefte-der-nacht\/\" target=\"_blank\" rel=\"noopener noreferrer\">Veranstaltungen mit vielen Menschen<\/a>\u201d &#8211; ist das immer ein besonders angenehmer Aspekt.<\/span><\/p>\n<h4 class=\"p1\"><span class=\"s1\">Welche konkreten Vorteile ergeben sich bei einer Vernebler-L\u00f6sung via L\u00fcftung also zusammenfassend f\u00fcr den Kunden?<\/span><\/h4>\n<p class=\"p1\"><span class=\"s1\"><strong>L\u00dcFTUNG MAYR<\/strong> F\u00fcr uns als Partner sind vor allem die einfache Installation und Bedienung von Vorteil. Die Technologie hinterl\u00e4sst dank Trockenvernebelung auch keine R\u00fcckst\u00e4nde in den Kan\u00e4len, Filtern und der L\u00fcftungstechnik. Sofern es die L\u00fcftungsarchitektur zul\u00e4sst, k\u00f6nnen auch nur ausgew\u00e4hlte Areale beduftet werden.<\/span><\/p>\n<p class=\"p1\"><span class=\"s1\"><strong>AROMEA<\/strong> Gerade f\u00fcr gro\u00dfe Rauminhalte bieten L\u00fcftungsl\u00f6sungen von Aromea eine attraktive M\u00f6glichkeit ordentlich Einruck zu machen: Kaufh\u00e4user, Hotels, Banken, Krankenh\u00e4user, Wohnanlagen, B\u00fcrogeb\u00e4ude, Sport- und Veranstaltungsst\u00e4tten &#8211; man k\u00f6nnte die Liste wohl beliebig fortsetzen. Kurz: St\u00f6rger\u00fcche werden sofort neutralisiert und durch angenehme Eindr\u00fccke ersetzt. Beispielsweise konzentrierter Fokus statt Angstschwei\u00df bei der Pr\u00fcfung? (Die Universit\u00e4ten in Japan beduften genau darum mit Eukalyptus und Zitrone.) Oder etwas Fr\u00fchlingsfrische zu Ostern! Mit den <a href=\"https:\/\/aromea.eu\/at\/duftmarketing\/airdesign\/duefte-fuer-nano-geraete\/\" target=\"_blank\" rel=\"noopener noreferrer\">Aromea Nano-D\u00fcften<\/a> und patentierter AirQ-Technologie hat man da wirklich alle M\u00f6glichkeiten. Und wenn nicht versteckt via L\u00fcftung, dann eben ganz gezielt als formsch\u00f6ner Eye-Catcher.\u00a0<\/span><\/p>\n<p>[\/vc_column_text][\/vc_column][\/vc_row][vc_row][vc_column width=&#8221;1\/2&#8243;][vc_single_image image=&#8221;1741&#8243; img_size=&#8221;large&#8221;][\/vc_column][vc_column width=&#8221;1\/2&#8243;][vc_custom_heading text=&#8221;Gerade f\u00fcr gro\u00dfe Rauminhalte bieten L\u00fcftungsl\u00f6sungen eine attraktive M\u00f6glichkeit ordentlich Einruck zu machen. Mit AirQ-Nanonebel von Aromea so einfach wie effizient.&#8221; font_container=&#8221;tag:p|font_size:40px|text_align:left|color:%23000000|line_height:46px&#8221; use_theme_fonts=&#8221;yes&#8221;][vc_column_text]<span style=\"color: #000000; letter-spacing: 4.29px; line-height: 20px; font-size: 12px;\">Frische Luft ist mit Aromea kein Geheimnis.<\/span>[\/vc_column_text][\/vc_column][\/vc_row]<\/p>\n<\/div>","protected":false},"excerpt":{"rendered":"<p>[vc_row css=&#8221;.vc_custom_1533803755721{padding-bottom: 65px !important;}&#8221;][vc_column css=&#8221;.vc_custom_1533741223367{padding-right: 200px !important;padding-left: 200px !important;}&#8221; el_class=&#8221;single-blog-content&#8221;][vc_column_text] Manchmal verliert man etwas und muss es suchen. Selten nat\u00fcrlich absichtlich. Manchmal versteckt man auch etwas<span class=\"excerpt-hellip\"> [\u2026]<\/span><\/p>\n","protected":false},"author":4,"featured_media":1739,"comment_status":"open","ping_status":"open","sticky":false,"template":"","format":"standard","meta":{"_acf_changed":false,"inline_featured_image":false,"footnotes":""},"categories":[32,1,31],"tags":[206,47,209,203,40,204,208,30,210,200,205,207,202,102],"class_list":["post-1737","post","type-post","status-publish","format-standard","has-post-thumbnail","hentry","category-airdesign","category-unkategorisiert","category-world-of-aromea","tag-ac","tag-airdesign","tag-airq-technologie","tag-aromea-airdesign","tag-corporate-scent","tag-duft-im-lueftungsystem","tag-duftloesung-fuer-grosse-raeume","tag-duftmarketing","tag-duftsonde","tag-duftwirkung","tag-hvac","tag-klimaanlage","tag-lueftung-mayr","tag-nano-vernebler"],"acf":[],"yoast_head":"<!-- This site is optimized with the Yoast SEO plugin v21.8.1 - https:\/\/yoast.com\/wordpress\/plugins\/seo\/ -->\n<title>Aromea &amp; L\u00fcftung: Wie man einen Duft versteckt<\/title>\n<meta name=\"description\" content=\"Aromea liegt in der Luft, doch das Duftger\u00e4t sucht man vergeblich. Wie man mit AirQ ganz subtil beeindrucken kann, verraten die Profis im Oster-Interview.\" \/>\n<meta name=\"robots\" content=\"index, follow, max-snippet:-1, max-image-preview:large, max-video-preview:-1\" \/>\n<link rel=\"canonical\" href=\"https:\/\/aromea.eu\/at\/duftmarketing\/blog\/aromea-lueftung-wie-man-einen-duft-versteckt\/\" \/>\n<meta property=\"og:locale\" content=\"de_DE\" \/>\n<meta property=\"og:type\" content=\"article\" \/>\n<meta property=\"og:title\" content=\"Aromea &amp; L\u00fcftung: Wie man einen Duft versteckt\" \/>\n<meta property=\"og:description\" content=\"Aromea liegt in der Luft, doch das Duftger\u00e4t sucht man vergeblich. Wie man mit AirQ ganz subtil beeindrucken kann, verraten die Profis im Oster-Interview.\" \/>\n<meta property=\"og:url\" content=\"https:\/\/aromea.eu\/at\/duftmarketing\/blog\/aromea-lueftung-wie-man-einen-duft-versteckt\/\" \/>\n<meta property=\"og:site_name\" content=\"Aromea\" \/>\n<meta property=\"article:published_time\" content=\"2019-04-14T08:30:57+00:00\" \/>\n<meta property=\"article:modified_time\" content=\"2020-06-09T14:32:07+00:00\" \/>\n<meta property=\"og:image\" content=\"https:\/\/aromea.eu\/at\/duftmarketing\/wp-content\/uploads\/Secret.jpg\" \/>\n\t<meta property=\"og:image:width\" content=\"1200\" \/>\n\t<meta property=\"og:image:height\" content=\"639\" \/>\n\t<meta property=\"og:image:type\" content=\"image\/jpeg\" \/>\n<meta name=\"author\" content=\"Kristina Erhard\" \/>\n<meta name=\"twitter:card\" content=\"summary_large_image\" \/>\n<meta name=\"twitter:label1\" content=\"Verfasst von\" \/>\n\t<meta name=\"twitter:data1\" content=\"Kristina Erhard\" \/>\n\t<meta name=\"twitter:label2\" content=\"Gesch\u00e4tzte Lesezeit\" \/>\n\t<meta name=\"twitter:data2\" content=\"5\u00a0Minuten\" \/>\n<script type=\"application\/ld+json\" class=\"yoast-schema-graph\">{\"@context\":\"https:\/\/schema.org\",\"@graph\":[{\"@type\":\"WebPage\",\"@id\":\"https:\/\/aromea.eu\/at\/duftmarketing\/blog\/aromea-lueftung-wie-man-einen-duft-versteckt\/\",\"url\":\"https:\/\/aromea.eu\/at\/duftmarketing\/blog\/aromea-lueftung-wie-man-einen-duft-versteckt\/\",\"name\":\"Aromea & L\u00fcftung: Wie man einen Duft versteckt\",\"isPartOf\":{\"@id\":\"https:\/\/aromea.eu\/at\/duftmarketing\/#website\"},\"datePublished\":\"2019-04-14T08:30:57+00:00\",\"dateModified\":\"2020-06-09T14:32:07+00:00\",\"author\":{\"@id\":\"https:\/\/aromea.eu\/at\/duftmarketing\/#\/schema\/person\/aaef86dad639ed44ee9515f1dc1f26be\"},\"description\":\"Aromea liegt in der Luft, doch das Duftger\u00e4t sucht man vergeblich. Wie man mit AirQ ganz subtil beeindrucken kann, verraten die Profis im Oster-Interview.\",\"inLanguage\":\"de\",\"potentialAction\":[{\"@type\":\"ReadAction\",\"target\":[\"https:\/\/aromea.eu\/at\/duftmarketing\/blog\/aromea-lueftung-wie-man-einen-duft-versteckt\/\"]}]},{\"@type\":\"WebSite\",\"@id\":\"https:\/\/aromea.eu\/at\/duftmarketing\/#website\",\"url\":\"https:\/\/aromea.eu\/at\/duftmarketing\/\",\"name\":\"Aromea\",\"description\":\"Airdesign\",\"potentialAction\":[{\"@type\":\"SearchAction\",\"target\":{\"@type\":\"EntryPoint\",\"urlTemplate\":\"https:\/\/aromea.eu\/at\/duftmarketing\/?s={search_term_string}\"},\"query-input\":\"required name=search_term_string\"}],\"inLanguage\":\"de\"},{\"@type\":\"Person\",\"@id\":\"https:\/\/aromea.eu\/at\/duftmarketing\/#\/schema\/person\/aaef86dad639ed44ee9515f1dc1f26be\",\"name\":\"Kristina Erhard\",\"image\":{\"@type\":\"ImageObject\",\"inLanguage\":\"de\",\"@id\":\"https:\/\/aromea.eu\/at\/duftmarketing\/#\/schema\/person\/image\/\",\"url\":\"https:\/\/secure.gravatar.com\/avatar\/970c8f1128d26f2e7a93f05cea4cd4a9934e5fb0a5870459e46105dba5349eec?s=96&d=mm&r=g\",\"contentUrl\":\"https:\/\/secure.gravatar.com\/avatar\/970c8f1128d26f2e7a93f05cea4cd4a9934e5fb0a5870459e46105dba5349eec?s=96&d=mm&r=g\",\"caption\":\"Kristina Erhard\"}}]}<\/script>\n<!-- \/ Yoast SEO plugin. -->","yoast_head_json":{"title":"Aromea & L\u00fcftung: Wie man einen Duft versteckt","description":"Aromea liegt in der Luft, doch das Duftger\u00e4t sucht man vergeblich. Wie man mit AirQ ganz subtil beeindrucken kann, verraten die Profis im Oster-Interview.","robots":{"index":"index","follow":"follow","max-snippet":"max-snippet:-1","max-image-preview":"max-image-preview:large","max-video-preview":"max-video-preview:-1"},"canonical":"https:\/\/aromea.eu\/at\/duftmarketing\/blog\/aromea-lueftung-wie-man-einen-duft-versteckt\/","og_locale":"de_DE","og_type":"article","og_title":"Aromea & L\u00fcftung: Wie man einen Duft versteckt","og_description":"Aromea liegt in der Luft, doch das Duftger\u00e4t sucht man vergeblich. Wie man mit AirQ ganz subtil beeindrucken kann, verraten die Profis im Oster-Interview.","og_url":"https:\/\/aromea.eu\/at\/duftmarketing\/blog\/aromea-lueftung-wie-man-einen-duft-versteckt\/","og_site_name":"Aromea","article_published_time":"2019-04-14T08:30:57+00:00","article_modified_time":"2020-06-09T14:32:07+00:00","og_image":[{"width":1200,"height":639,"url":"https:\/\/aromea.eu\/at\/duftmarketing\/wp-content\/uploads\/Secret.jpg","type":"image\/jpeg"}],"author":"Kristina Erhard","twitter_card":"summary_large_image","twitter_misc":{"Verfasst von":"Kristina Erhard","Gesch\u00e4tzte Lesezeit":"5\u00a0Minuten"},"schema":{"@context":"https:\/\/schema.org","@graph":[{"@type":"WebPage","@id":"https:\/\/aromea.eu\/at\/duftmarketing\/blog\/aromea-lueftung-wie-man-einen-duft-versteckt\/","url":"https:\/\/aromea.eu\/at\/duftmarketing\/blog\/aromea-lueftung-wie-man-einen-duft-versteckt\/","name":"Aromea & L\u00fcftung: Wie man einen Duft versteckt","isPartOf":{"@id":"https:\/\/aromea.eu\/at\/duftmarketing\/#website"},"datePublished":"2019-04-14T08:30:57+00:00","dateModified":"2020-06-09T14:32:07+00:00","author":{"@id":"https:\/\/aromea.eu\/at\/duftmarketing\/#\/schema\/person\/aaef86dad639ed44ee9515f1dc1f26be"},"description":"Aromea liegt in der Luft, doch das Duftger\u00e4t sucht man vergeblich. Wie man mit AirQ ganz subtil beeindrucken kann, verraten die Profis im Oster-Interview.","inLanguage":"de","potentialAction":[{"@type":"ReadAction","target":["https:\/\/aromea.eu\/at\/duftmarketing\/blog\/aromea-lueftung-wie-man-einen-duft-versteckt\/"]}]},{"@type":"WebSite","@id":"https:\/\/aromea.eu\/at\/duftmarketing\/#website","url":"https:\/\/aromea.eu\/at\/duftmarketing\/","name":"Aromea","description":"Airdesign","potentialAction":[{"@type":"SearchAction","target":{"@type":"EntryPoint","urlTemplate":"https:\/\/aromea.eu\/at\/duftmarketing\/?s={search_term_string}"},"query-input":"required name=search_term_string"}],"inLanguage":"de"},{"@type":"Person","@id":"https:\/\/aromea.eu\/at\/duftmarketing\/#\/schema\/person\/aaef86dad639ed44ee9515f1dc1f26be","name":"Kristina Erhard","image":{"@type":"ImageObject","inLanguage":"de","@id":"https:\/\/aromea.eu\/at\/duftmarketing\/#\/schema\/person\/image\/","url":"https:\/\/secure.gravatar.com\/avatar\/970c8f1128d26f2e7a93f05cea4cd4a9934e5fb0a5870459e46105dba5349eec?s=96&d=mm&r=g","contentUrl":"https:\/\/secure.gravatar.com\/avatar\/970c8f1128d26f2e7a93f05cea4cd4a9934e5fb0a5870459e46105dba5349eec?s=96&d=mm&r=g","caption":"Kristina Erhard"}}]}},"_links":{"self":[{"href":"https:\/\/aromea.eu\/at\/duftmarketing\/wp-json\/wp\/v2\/posts\/1737","targetHints":{"allow":["GET"]}}],"collection":[{"href":"https:\/\/aromea.eu\/at\/duftmarketing\/wp-json\/wp\/v2\/posts"}],"about":[{"href":"https:\/\/aromea.eu\/at\/duftmarketing\/wp-json\/wp\/v2\/types\/post"}],"author":[{"embeddable":true,"href":"https:\/\/aromea.eu\/at\/duftmarketing\/wp-json\/wp\/v2\/users\/4"}],"replies":[{"embeddable":true,"href":"https:\/\/aromea.eu\/at\/duftmarketing\/wp-json\/wp\/v2\/comments?post=1737"}],"version-history":[{"count":0,"href":"https:\/\/aromea.eu\/at\/duftmarketing\/wp-json\/wp\/v2\/posts\/1737\/revisions"}],"wp:featuredmedia":[{"embeddable":true,"href":"https:\/\/aromea.eu\/at\/duftmarketing\/wp-json\/wp\/v2\/media\/1739"}],"wp:attachment":[{"href":"https:\/\/aromea.eu\/at\/duftmarketing\/wp-json\/wp\/v2\/media?parent=1737"}],"wp:term":[{"taxonomy":"category","embeddable":true,"href":"https:\/\/aromea.eu\/at\/duftmarketing\/wp-json\/wp\/v2\/categories?post=1737"},{"taxonomy":"post_tag","embeddable":true,"href":"https:\/\/aromea.eu\/at\/duftmarketing\/wp-json\/wp\/v2\/tags?post=1737"}],"curies":[{"name":"wp","href":"https:\/\/api.w.org\/{rel}","templated":true}]}}