{"id":1410,"date":"2018-12-04T20:02:23","date_gmt":"2018-12-04T19:02:23","guid":{"rendered":"https:\/\/aromea.eu\/at\/duftmarketing\/?p=1410"},"modified":"2018-12-04T20:02:23","modified_gmt":"2018-12-04T19:02:23","slug":"airq-by-aromea-im-feinen-nebel-der-gefuehle","status":"publish","type":"post","link":"https:\/\/aromea.eu\/at\/duftmarketing\/blog\/airq-by-aromea-im-feinen-nebel-der-gefuehle\/","title":{"rendered":"AirQ by Aromea &#8211; Im feinen Nebel der Gef\u00fchle"},"content":{"rendered":"<div class=\"wpb-content-wrapper\"><p>[vc_row css=&#8221;.vc_custom_1533803755721{padding-bottom: 65px !important;}&#8221;][vc_column css=&#8221;.vc_custom_1533741223367{padding-right: 200px !important;padding-left: 200px !important;}&#8221; el_class=&#8221;single-blog-content&#8221;][vc_column_text]<\/p>\n<p class=\"p1\"><span class=\"s1\">Jeder Tag ist ein neuer Tag. Das sagt jedenfalls der Kalender. Dass kein Tag so wirklich wie der andere ist, das sagt uns aber auch die Nase. Denn jeder Tag riecht anders: Der olfaktorische Gesamteindruck ist abh\u00e4ngig von Jahreszeit (<a href=\"https:\/\/aromea.eu\/at\/duftmarketing\/2018\/11\/08\/der-duft-von-weihnachten-oder-wonach-der-winter-riecht\/\" target=\"_blank\" rel=\"noopener\">Weihnachten!<\/a>), Witterung, Temperatur, Feuchtigkeit und nat\u00fcrlich der <a href=\"http:\/\/www.umweltbundesamt.at\/umweltsituation\/luft\/luftguete_aktuell\/\" target=\"_blank\" rel=\"noopener\">Luftg\u00fcte<\/a> selbst (Meerbrise, Bergluft, Waldduft, Stadtgeruch, <a href=\"https:\/\/de.wikipedia.org\/wiki\/Raumklima\" target=\"_blank\" rel=\"noopener\">Raumklima<\/a>). Was wir dabei genau riechen liegt an der jeweiligen Konzentration von Duftpartikeln in der Atemluft. Dass wir diese Duftpartikel \u00fcberhaupt wahrnehmen k\u00f6nnen,\u00a0 verdanken wir etwa 10 Millionen Riechzellen pro Nase &#8211; eine Studie hat nachgez\u00e4hlt. Diese Sensoren sind h\u00f6chst empfindlich und leiten den Riechimpuls von den <a href=\"https:\/\/de.wikipedia.org\/wiki\/Riechzelle\" target=\"_blank\" rel=\"noopener\">chemosensorischen Zilien<\/a> (geruchssensible Nervenenden) als elektrisches Signal direkt ins Gehirn. Dort k\u00f6nnen wir, laut einer aktuellen Studie, wohl <a href=\"https:\/\/derstandard.at\/1395057268023\/Nase-kann-eine-Billion-Duefte-unterscheiden\" target=\"_blank\" rel=\"noopener\">eine Billion D\u00fcfte unterscheiden<\/a>.\u00a0<\/span><\/p>\n<h3 class=\"p1\"><span class=\"s1\">Riechen mit Herz und Nase.<\/span><\/h3>\n<p class=\"p1\"><span class=\"s1\">Aber nicht nur jeder Tag (und jede Tageszeit) riecht anders, sondern eben auch jeder Ort. Wer im Wald spaziert riecht H\u00f6lzer, Harze und feuchte Erde, wer im B\u00fcro sitzt vielleicht einfach nur den sportlichen Kollegen von nebenan. Wer dann auch im B\u00fcro lieber frische Waldluft schnuppert, muss dann ein bisschen in die technologische Trickkiste greifen. Das Zauberwort hei\u00dft Airdesign und die patentierte L\u00f6sung kommt von <a href=\"https:\/\/aromea.eu\/at\/duftmarketing\/\" target=\"_blank\" rel=\"noopener\">Aromea<\/a> &#8211; als wohl feinster Duftnebel der Welt. Der technologisch patentierte Hintergrund, der hei\u00dft hier AirQ. Kleine Erkl\u00e4rung: Die AirQ-Technologie bildet das computergesteuertes Nano-Vernebelungssystem aus dem Hause Aromea. Ob kompakter <a href=\"https:\/\/aromea.eu\/at\/duftmarketing\/produkt\/aromea-cube\/\" target=\"_blank\" rel=\"noopener\">Nano-Cube\u00a0<\/a>oder verstecktes <a href=\"https:\/\/aromea.eu\/at\/duftmarketing\/produkt\/aromeapower\/\" target=\"_blank\" rel=\"noopener\">L\u00fcftungsmodul<\/a> &#8211; AirQ-Technologie ist das Herzst\u00fcck der Aromea Nano-Ger\u00e4te (Produkte: <a href=\"https:\/\/aromea.eu\/at\/duftmarketing\/produkt\/aromea-cube\/\" target=\"_blank\" rel=\"noopener\">Cube<\/a>, <a href=\"https:\/\/aromea.eu\/at\/duftmarketing\/produkt\/aromea-flex\/\" target=\"_blank\" rel=\"noopener\">Flex<\/a>, <a href=\"https:\/\/aromea.eu\/at\/duftmarketing\/produkt\/aromeapro\/\" target=\"_blank\" rel=\"noopener\">Pro<\/a>, <a href=\"https:\/\/aromea.eu\/at\/duftmarketing\/produkt\/aromeapower\/\" target=\"_blank\" rel=\"noopener\">Power<\/a>). Und macht damit auch das Raumklima zur pers\u00f6nlichen Herzensangelegenheit &#8211; denn der Duft bestimmt, wie wohl man sich f\u00fchlt. Auch das hat eine Studie herausgefunden. Macht ja auch Sinn.<\/span><\/p>\n<h3 class=\"p1\"><span class=\"s1\">Die Sache mit dem Duft.<\/span><\/h3>\n<p class=\"p1\"><span class=\"s1\">Wie kommt der Duft eigentlich \u00fcberhaupt in der Luft? Drau\u00dfen ist ja alles ein bisschen anders: Wind, Regen und Luftdruck bestimmen hier n\u00e4mlich wie weit (und wo) man eine beispielhafte Blumenwiese \u00fcberhaupt riechen kann. Alle Bl\u00fctenpflanzen m\u00fcssen nat\u00fcrlich m\u00f6glichst weit duften, damit Bienen und Insekten beim Best\u00e4uben helfen. Daf\u00fcr werden mikroskopische Duftpartikel freigesetzt &#8211; so fein, dass sie in der Luft schweben bleiben statt abzusinken. AirQ funktioniert da eigentlich ganz \u00e4hnlich &#8211; nur Drinnen. Und vernebelt den pers\u00f6nlichen Lieblingsduft so fein (und fl\u00fcsterleise), dass er fliegen lernt. Klingt wow, ist es auch (dazu gleich mehr). Die AirQ-Technologie sorgt dann daf\u00fcr, dass sich das entsprechende Dufterlebnis auch noch absolut gleichm\u00e4\u00dfig im jeweiligen Raumvolumen verteilt. <\/span><\/p>\n<p class=\"p1\"><span class=\"s1\">Olfaktorischer Serviervorschlag aus der Trickkiste: <a href=\"https:\/\/aromea.eu\/at\/duftmarketing\/airdesign\/duefte-fuer-nano-geraete\/\" target=\"_blank\" rel=\"noopener\">Duft\u00f6l 9131 \u201cCasino Fresh\u201d<\/a> &#8211; modern und elegant. Oder\u00a0<a href=\"https:\/\/aromea.eu\/at\/duftmarketing\/airdesign\/duefte-fuer-nano-geraete\/\" target=\"_blank\" rel=\"noopener\">Duft\u00f6l 1058 \u201cWoodlands\u201d<\/a> &#8211; sportlich bis holzig. Oder vielleicht doch lieber warm und geheimnisvoll, mit\u00a0<a href=\"https:\/\/aromea.eu\/at\/duftmarketing\/airdesign\/duefte-fuer-nano-geraete\/\" target=\"_blank\" rel=\"noopener\">Duft\u00f6l 5041 \u201cCosmopolitan\u201d<\/a>\u00a0. F\u00fcr stimmungsvollen Weihnachtsflair ohne nervigen Nadelteppich: <a href=\"https:\/\/aromea.eu\/at\/duftmarketing\/airdesign\/duefte-fuer-nano-geraete\/\" target=\"_blank\" rel=\"noopener\">Duft\u00f6l 1047 \u201cChristmas Tree\u201d<\/a>. Das Dufterlebnis l\u00e4sst sich dann auch noch in 50 Intensit\u00e4tsstufen regulieren und zeitlich (Beduftungsfrequenz) anpassen. Hier ist Aromea dann sogar der fr\u00fchlingsfrischen Blumenwiese um eine deutliche Nasenl\u00e4nge voraus.\u00a0<\/span><\/p>\n<h3 class=\"p1\"><span class=\"s1\">Duftraum deluxe.<\/span><\/h3>\n<p class=\"p1\"><span class=\"s1\">Wo <a href=\"https:\/\/de.wikipedia.org\/wiki\/Spr%C3%BChdose\" target=\"_blank\" rel=\"noopener\">herk\u00f6mmliche Lufterfrischer<\/a> feuchte W\u00f6lkchen ins Raumklima niesen (die als intensiver Duftregen abrieseln), vernebelt Aromea so unfassbar fein, dass ein \u201ctrockener Nebel\u201d entsteht. Duft in neuen Dimensionen, denn die Duftpartikelgr\u00f6\u00dfe betr\u00e4gt nur ein winziges Mikron im Durchmesser. F\u00fcr Nicht-Physiker entspricht das einem Tausendstel Millimeter (etwa 50 mal feiner als ein menschliches Haar). Auf ein herk\u00f6mmliches <a href=\"https:\/\/de.wikipedia.org\/wiki\/Aerosol\" target=\"_blank\" rel=\"noopener\">Aerosol<\/a>-Droplet kommen so unglaubliche 125.000 AirQ-Droplets. Ergebnis: 2500 mal mehr Oberfl\u00e4che f\u00fcr den Duft in der Luft. Das ephemere Erlebnis setzt sich so nicht in Kleidung oder Haaren fest, bildet keinen l\u00e4stigen Film auf Fenstern und Fl\u00e4chen, und kann sogar subtil in herk\u00f6mmliche HVAC-Systeme (Heating, Ventialtion &amp; Air Conditioning) integriert werden. So entsteht ein gleichm\u00e4\u00dfig gro\u00dfartiges Dufterlebnis, angenehm an der Wahrnehmungsgrenze. Gro\u00dfartig dabei im wahrsten Sinne, denn ein einzelner <a href=\"https:\/\/aromea.eu\/at\/duftmarketing\/produkt\/aromeapower\/\" target=\"_blank\" rel=\"noopener\">Aromea-Power<\/a> Vernebler<span class=\"Apple-converted-space\">\u00a0<\/span>\u00a0schafft so ganz locker 4200 Kubikmeter Raumvolumen (das entspricht bei zwei Metern Raumh\u00f6he etwa einem halben Fu\u00dfballfeld). Fazit: Duftraum deluxe!<\/span><\/p>\n<h3 class=\"p1\"><span class=\"s1\">Herzensangelegenheit.<\/span><\/h3>\n<p class=\"p1\"><span class=\"s1\">Wo es gut riecht, da f\u00fchlt man sich wohl. Mit dem richtigen Duft kann man sich aber auch besser konzentrieren, entspannen oder einfach ein paar Emotionen wecken. Man denke da nur an all die verf\u00fchrerischen Weihnachtsd\u00fcfte! Lebkuchen und Bratapfel, R\u00e4ucherwerk und Tannenbaum, schon erinnert man sich heute an den Winter von damals. Das Herz macht einen H\u00fcpfer und ein bisschen L\u00e4cheln muss man auch. Genau darum geht es bei Airdesign by Aromea, ganz abseits von technologischer AirQ-Spitzenleistung: Emotion, Erinnerung, Einzigartigkeit. Auf Wunsch sogar mit einem ganz individuellen <a href=\"https:\/\/aromea.eu\/at\/duftmarketing\/airdesign\/corporate-scent\/\" target=\"_blank\" rel=\"noopener\">Corporate Scent<\/a> nach Ma\u00df. Authentisch, ehrlich und echt &#8211; eine Herzensangelegenheit eben.<\/span><\/p>\n<p>[\/vc_column_text][\/vc_column][\/vc_row][vc_row][vc_column width=&#8221;1\/2&#8243;][vc_single_image image=&#8221;1415&#8243; img_size=&#8221;large&#8221;][\/vc_column][vc_column width=&#8221;1\/2&#8243;][vc_custom_heading text=&#8221;Gro\u00dfartig im wahrsten Sinne &#8211; ein einzelner Aromea-Power Vernebler beduftet im Alleingang ein halbes Fu\u00dfballfeld.&#8221; font_container=&#8221;tag:p|font_size:40px|text_align:left|color:%23000000|line_height:46px&#8221; use_theme_fonts=&#8221;yes&#8221;][vc_column_text]<span style=\"color: #000000; letter-spacing: 4.29px; line-height: 20px; font-size: 12px;\">Sportliche Fakten zum Power of Scent.<\/span>[\/vc_column_text][\/vc_column][\/vc_row]<\/p>\n<\/div>","protected":false},"excerpt":{"rendered":"<p>[vc_row css=&#8221;.vc_custom_1533803755721{padding-bottom: 65px !important;}&#8221;][vc_column css=&#8221;.vc_custom_1533741223367{padding-right: 200px !important;padding-left: 200px !important;}&#8221; el_class=&#8221;single-blog-content&#8221;][vc_column_text] Jeder Tag ist ein neuer Tag. Das sagt jedenfalls der Kalender. Dass kein Tag so wirklich<span class=\"excerpt-hellip\"> [\u2026]<\/span><\/p>\n","protected":false},"author":4,"featured_media":1414,"comment_status":"open","ping_status":"open","sticky":false,"template":"","format":"standard","meta":{"_acf_changed":false,"inline_featured_image":false,"footnotes":""},"categories":[32],"tags":[100,47,101,67,98,91,29,82,30,73,89,97,102,68,99,87,95,88],"class_list":["post-1410","post","type-post","status-publish","format-standard","has-post-thumbnail","hentry","category-airdesign","tag-aerosol","tag-airdesign","tag-airq","tag-aromea","tag-aromea-cube","tag-bratapfel","tag-coporate-scent","tag-duftloesung","tag-duftmarketing","tag-duftnoten","tag-duftspecial","tag-geschenktipp","tag-nano-vernebler","tag-raumduft","tag-technologie","tag-weihnachten","tag-weihnachtsmarkt","tag-winterduft"],"acf":[],"yoast_head":"<!-- This site is optimized with the Yoast SEO plugin v21.8.1 - https:\/\/yoast.com\/wordpress\/plugins\/seo\/ -->\n<title>AIRQ by Aromea - Im feinen Nebel der Gef\u00fchle<\/title>\n<meta name=\"description\" content=\"Jeder Tag riecht anders. Aber wie kommt eigentlich der Duft in die Luft? Aromea hat eine patentierte Antwort: Den wohl feinsten Duftnebel der Welt.\" \/>\n<meta name=\"robots\" content=\"index, follow, max-snippet:-1, max-image-preview:large, max-video-preview:-1\" \/>\n<link rel=\"canonical\" href=\"https:\/\/aromea.eu\/at\/duftmarketing\/blog\/airq-by-aromea-im-feinen-nebel-der-gefuehle\/\" \/>\n<meta property=\"og:locale\" content=\"de_DE\" \/>\n<meta property=\"og:type\" content=\"article\" \/>\n<meta property=\"og:title\" content=\"AIRQ by Aromea - Im feinen Nebel der Gef\u00fchle\" \/>\n<meta property=\"og:description\" content=\"Jeder Tag riecht anders. Aber wie kommt eigentlich der Duft in die Luft? Aromea hat eine patentierte Antwort: Den wohl feinsten Duftnebel der Welt.\" \/>\n<meta property=\"og:url\" content=\"https:\/\/aromea.eu\/at\/duftmarketing\/blog\/airq-by-aromea-im-feinen-nebel-der-gefuehle\/\" \/>\n<meta property=\"og:site_name\" content=\"Aromea\" \/>\n<meta property=\"article:published_time\" content=\"2018-12-04T19:02:23+00:00\" \/>\n<meta property=\"og:image\" content=\"https:\/\/aromea.eu\/at\/duftmarketing\/wp-content\/uploads\/misty-woods.jpg\" \/>\n\t<meta property=\"og:image:width\" content=\"1500\" \/>\n\t<meta property=\"og:image:height\" content=\"998\" \/>\n\t<meta property=\"og:image:type\" content=\"image\/jpeg\" \/>\n<meta name=\"author\" content=\"Kristina Erhard\" \/>\n<meta name=\"twitter:card\" content=\"summary_large_image\" \/>\n<meta name=\"twitter:label1\" content=\"Verfasst von\" \/>\n\t<meta name=\"twitter:data1\" content=\"Kristina Erhard\" \/>\n\t<meta name=\"twitter:label2\" content=\"Gesch\u00e4tzte Lesezeit\" \/>\n\t<meta name=\"twitter:data2\" content=\"4\u00a0Minuten\" \/>\n<script type=\"application\/ld+json\" class=\"yoast-schema-graph\">{\"@context\":\"https:\/\/schema.org\",\"@graph\":[{\"@type\":\"WebPage\",\"@id\":\"https:\/\/aromea.eu\/at\/duftmarketing\/blog\/airq-by-aromea-im-feinen-nebel-der-gefuehle\/\",\"url\":\"https:\/\/aromea.eu\/at\/duftmarketing\/blog\/airq-by-aromea-im-feinen-nebel-der-gefuehle\/\",\"name\":\"AIRQ by Aromea - Im feinen Nebel der Gef\u00fchle\",\"isPartOf\":{\"@id\":\"https:\/\/aromea.eu\/at\/duftmarketing\/#website\"},\"datePublished\":\"2018-12-04T19:02:23+00:00\",\"dateModified\":\"2018-12-04T19:02:23+00:00\",\"author\":{\"@id\":\"https:\/\/aromea.eu\/at\/duftmarketing\/#\/schema\/person\/aaef86dad639ed44ee9515f1dc1f26be\"},\"description\":\"Jeder Tag riecht anders. Aber wie kommt eigentlich der Duft in die Luft? Aromea hat eine patentierte Antwort: Den wohl feinsten Duftnebel der Welt.\",\"inLanguage\":\"de\",\"potentialAction\":[{\"@type\":\"ReadAction\",\"target\":[\"https:\/\/aromea.eu\/at\/duftmarketing\/blog\/airq-by-aromea-im-feinen-nebel-der-gefuehle\/\"]}]},{\"@type\":\"WebSite\",\"@id\":\"https:\/\/aromea.eu\/at\/duftmarketing\/#website\",\"url\":\"https:\/\/aromea.eu\/at\/duftmarketing\/\",\"name\":\"Aromea\",\"description\":\"Airdesign\",\"potentialAction\":[{\"@type\":\"SearchAction\",\"target\":{\"@type\":\"EntryPoint\",\"urlTemplate\":\"https:\/\/aromea.eu\/at\/duftmarketing\/?s={search_term_string}\"},\"query-input\":\"required name=search_term_string\"}],\"inLanguage\":\"de\"},{\"@type\":\"Person\",\"@id\":\"https:\/\/aromea.eu\/at\/duftmarketing\/#\/schema\/person\/aaef86dad639ed44ee9515f1dc1f26be\",\"name\":\"Kristina Erhard\",\"image\":{\"@type\":\"ImageObject\",\"inLanguage\":\"de\",\"@id\":\"https:\/\/aromea.eu\/at\/duftmarketing\/#\/schema\/person\/image\/\",\"url\":\"https:\/\/secure.gravatar.com\/avatar\/970c8f1128d26f2e7a93f05cea4cd4a9934e5fb0a5870459e46105dba5349eec?s=96&d=mm&r=g\",\"contentUrl\":\"https:\/\/secure.gravatar.com\/avatar\/970c8f1128d26f2e7a93f05cea4cd4a9934e5fb0a5870459e46105dba5349eec?s=96&d=mm&r=g\",\"caption\":\"Kristina Erhard\"}}]}<\/script>\n<!-- \/ Yoast SEO plugin. -->","yoast_head_json":{"title":"AIRQ by Aromea - Im feinen Nebel der Gef\u00fchle","description":"Jeder Tag riecht anders. Aber wie kommt eigentlich der Duft in die Luft? Aromea hat eine patentierte Antwort: Den wohl feinsten Duftnebel der Welt.","robots":{"index":"index","follow":"follow","max-snippet":"max-snippet:-1","max-image-preview":"max-image-preview:large","max-video-preview":"max-video-preview:-1"},"canonical":"https:\/\/aromea.eu\/at\/duftmarketing\/blog\/airq-by-aromea-im-feinen-nebel-der-gefuehle\/","og_locale":"de_DE","og_type":"article","og_title":"AIRQ by Aromea - Im feinen Nebel der Gef\u00fchle","og_description":"Jeder Tag riecht anders. Aber wie kommt eigentlich der Duft in die Luft? Aromea hat eine patentierte Antwort: Den wohl feinsten Duftnebel der Welt.","og_url":"https:\/\/aromea.eu\/at\/duftmarketing\/blog\/airq-by-aromea-im-feinen-nebel-der-gefuehle\/","og_site_name":"Aromea","article_published_time":"2018-12-04T19:02:23+00:00","og_image":[{"width":1500,"height":998,"url":"https:\/\/aromea.eu\/at\/duftmarketing\/wp-content\/uploads\/misty-woods.jpg","type":"image\/jpeg"}],"author":"Kristina Erhard","twitter_card":"summary_large_image","twitter_misc":{"Verfasst von":"Kristina Erhard","Gesch\u00e4tzte Lesezeit":"4\u00a0Minuten"},"schema":{"@context":"https:\/\/schema.org","@graph":[{"@type":"WebPage","@id":"https:\/\/aromea.eu\/at\/duftmarketing\/blog\/airq-by-aromea-im-feinen-nebel-der-gefuehle\/","url":"https:\/\/aromea.eu\/at\/duftmarketing\/blog\/airq-by-aromea-im-feinen-nebel-der-gefuehle\/","name":"AIRQ by Aromea - Im feinen Nebel der Gef\u00fchle","isPartOf":{"@id":"https:\/\/aromea.eu\/at\/duftmarketing\/#website"},"datePublished":"2018-12-04T19:02:23+00:00","dateModified":"2018-12-04T19:02:23+00:00","author":{"@id":"https:\/\/aromea.eu\/at\/duftmarketing\/#\/schema\/person\/aaef86dad639ed44ee9515f1dc1f26be"},"description":"Jeder Tag riecht anders. Aber wie kommt eigentlich der Duft in die Luft? Aromea hat eine patentierte Antwort: Den wohl feinsten Duftnebel der Welt.","inLanguage":"de","potentialAction":[{"@type":"ReadAction","target":["https:\/\/aromea.eu\/at\/duftmarketing\/blog\/airq-by-aromea-im-feinen-nebel-der-gefuehle\/"]}]},{"@type":"WebSite","@id":"https:\/\/aromea.eu\/at\/duftmarketing\/#website","url":"https:\/\/aromea.eu\/at\/duftmarketing\/","name":"Aromea","description":"Airdesign","potentialAction":[{"@type":"SearchAction","target":{"@type":"EntryPoint","urlTemplate":"https:\/\/aromea.eu\/at\/duftmarketing\/?s={search_term_string}"},"query-input":"required name=search_term_string"}],"inLanguage":"de"},{"@type":"Person","@id":"https:\/\/aromea.eu\/at\/duftmarketing\/#\/schema\/person\/aaef86dad639ed44ee9515f1dc1f26be","name":"Kristina Erhard","image":{"@type":"ImageObject","inLanguage":"de","@id":"https:\/\/aromea.eu\/at\/duftmarketing\/#\/schema\/person\/image\/","url":"https:\/\/secure.gravatar.com\/avatar\/970c8f1128d26f2e7a93f05cea4cd4a9934e5fb0a5870459e46105dba5349eec?s=96&d=mm&r=g","contentUrl":"https:\/\/secure.gravatar.com\/avatar\/970c8f1128d26f2e7a93f05cea4cd4a9934e5fb0a5870459e46105dba5349eec?s=96&d=mm&r=g","caption":"Kristina Erhard"}}]}},"_links":{"self":[{"href":"https:\/\/aromea.eu\/at\/duftmarketing\/wp-json\/wp\/v2\/posts\/1410","targetHints":{"allow":["GET"]}}],"collection":[{"href":"https:\/\/aromea.eu\/at\/duftmarketing\/wp-json\/wp\/v2\/posts"}],"about":[{"href":"https:\/\/aromea.eu\/at\/duftmarketing\/wp-json\/wp\/v2\/types\/post"}],"author":[{"embeddable":true,"href":"https:\/\/aromea.eu\/at\/duftmarketing\/wp-json\/wp\/v2\/users\/4"}],"replies":[{"embeddable":true,"href":"https:\/\/aromea.eu\/at\/duftmarketing\/wp-json\/wp\/v2\/comments?post=1410"}],"version-history":[{"count":0,"href":"https:\/\/aromea.eu\/at\/duftmarketing\/wp-json\/wp\/v2\/posts\/1410\/revisions"}],"wp:featuredmedia":[{"embeddable":true,"href":"https:\/\/aromea.eu\/at\/duftmarketing\/wp-json\/wp\/v2\/media\/1414"}],"wp:attachment":[{"href":"https:\/\/aromea.eu\/at\/duftmarketing\/wp-json\/wp\/v2\/media?parent=1410"}],"wp:term":[{"taxonomy":"category","embeddable":true,"href":"https:\/\/aromea.eu\/at\/duftmarketing\/wp-json\/wp\/v2\/categories?post=1410"},{"taxonomy":"post_tag","embeddable":true,"href":"https:\/\/aromea.eu\/at\/duftmarketing\/wp-json\/wp\/v2\/tags?post=1410"}],"curies":[{"name":"wp","href":"https:\/\/api.w.org\/{rel}","templated":true}]}}